{"id":30615,"date":"2019-10-08T21:58:39","date_gmt":"2019-10-08T19:58:39","guid":{"rendered":"https:\/\/www.conselharan.org\/compromis-enta-agilizar-era-retirada-deth-miei-des-ossi-conflictius-dempus-dera-amassada-damb-era-secretaria-destat-de-miei-ambient-en-madrid\/"},"modified":"2019-10-09T09:21:04","modified_gmt":"2019-10-09T07:21:04","slug":"compromis-enta-agilizar-era-retirada-deth-miei-des-ossi-conflictius-dempus-dera-amassada-damb-era-secretaria-destat-de-miei-ambient-en-madrid","status":"publish","type":"post","link":"https:\/\/www.conselharan.org\/ca\/compromis-enta-agilizar-era-retirada-deth-miei-des-ossi-conflictius-dempus-dera-amassada-damb-era-secretaria-destat-de-miei-ambient-en-madrid\/","title":{"rendered":"Reuni\u00f3 del s\u00edndic amb el secretari d&#8217;Estat de Medi Ambient per agilitzar la retirada dels ossos conflictius"},"content":{"rendered":"<p>&nbsp;<\/p>\n<p><a href=\"https:\/\/www.conselharan.org\/wp-content\/uploads\/2019\/10\/Amassada-Madrid-Secretaria-Miei-Ambient.jpg\"><img loading=\"lazy\" decoding=\"async\" class=\"aligncenter wp-image-30613 size-large\" src=\"https:\/\/www.conselharan.org\/wp-content\/uploads\/2019\/10\/Amassada-Madrid-Secretaria-Miei-Ambient-1024x768.jpg\" alt=\"\" width=\"1024\" height=\"768\" srcset=\"https:\/\/www.conselharan.org\/wp-content\/uploads\/2019\/10\/Amassada-Madrid-Secretaria-Miei-Ambient.jpg 1024w, https:\/\/www.conselharan.org\/wp-content\/uploads\/2019\/10\/Amassada-Madrid-Secretaria-Miei-Ambient-300x225.jpg 300w, https:\/\/www.conselharan.org\/wp-content\/uploads\/2019\/10\/Amassada-Madrid-Secretaria-Miei-Ambient-768x576.jpg 768w\" sizes=\"(max-width: 1024px) 100vw, 1024px\" \/><\/a><\/p>\n<ul>\n<li>\n<h3><strong>Durant la reuni\u00f3 s&#8217;han detectat quins s\u00f3n els aspectes que condicionen l&#8217;agilitat de les administracions a l&#8217;hora d&#8217;actuar davant els ossos conflictius i s&#8217;ha plantejat la modificaci\u00f3 del protocol per garantir una presa de decisions m\u00e9s r\u00e0pida i efectiva<\/strong><\/h3>\n<\/li>\n<li>\n<h3><strong>El s\u00edndic d&#8217;Aran ha valorat positivament aquesta reuni\u00f3 on ha demanat al secretari d&#8217;Estat &#8220;la m\u00e0xima agilitat en la implementaci\u00f3 d&#8217;aquestes mesures, aix\u00ed com una pol\u00edtica que afavoreixi als ramaders i la seva pres\u00e8ncia al\u00a0territori, ja que\u00a0l&#8217;acci\u00f3 ambiental que duen a terme \u00e9s\u00a0insubstitu\u00efble&#8221;\u00a0<\/strong><\/h3>\n<\/li>\n<\/ul>\n<p>Aquesta tarda ha tingut lloc a Madrid la reuni\u00f3 entre el <strong>secretari d\u2019Estat de Medi Ambient, Hugo Mor\u00e1n, el s\u00edndic d\u2019Aran, Franc\u00e9s Boya, el conseller de Territori de la Generalitat, Dami\u00e0 Calvet, i el conseller de Desenvolupament Rural i Sostenibilitat d\u2019Arag\u00f3, Joaqu\u00edn\u00a0Olon<\/strong>a, per tractar la problem\u00e0tica que suposa el comportament depredador de determinats ossos en aquests territoris.<\/p>\n<p>Aquest \u00e9s el <strong>primer cop que es fa una reuni\u00f3 a aquest nivell per tractar q\u00fcestions que\u00a0afecten\u00a0la reintroducci\u00f3 dels ossos<\/strong> i, com ja havia manifestat pr\u00e8viament, el s\u00edndic d&#8217;Aran ha exigit\u00a0l&#8217;extracci\u00f3\u00a0d&#8217;aquells exemplars amb un comportament reiteradament depredador, com \u00e9s el cas de\u00a0Cachou\u00a0o\u00a0Goiat, i que impossibiliten la conviv\u00e8ncia d&#8217;aquesta esp\u00e8cie amb la ramaderia a Aran. En aquest sentit, s&#8217;ha aconseguit el <strong>comprom\u00eds per agilitzar la retirada del medi dels ossos conflictius<\/strong>.<\/p>\n<p>Durant la reuni\u00f3 <strong>s&#8217;han detectat quins s\u00f3n els aspectes que condicionen l&#8217;agilitat de les administracions a l&#8217;hora d&#8217;actuar davant els ossos conflictius<\/strong> i s&#8217;ha plantejat la modificaci\u00f3 del Protocol d&#8217;Intervenci\u00f3 amb Ossos als Pirineus per garantir una presa de decisions m\u00e9s r\u00e0pida i efectiva.<\/p>\n<p>Tamb\u00e9 <strong>s&#8217;ha acordat la creaci\u00f3 d&#8217;un grup de treball interadministratiu<\/strong> que permeti facilitar la cooperaci\u00f3 entre el Ministeri per la Transici\u00f3 Ecol\u00f2gica, el\u00a0Conselh\u00a0Generau\u00a0d&#8217;Aran, la Generalitat de Catalunya i la Diputaci\u00f3 General d&#8217;Arag\u00f3, aix\u00ed com enfrontar les diferents situacions que genera la gesti\u00f3 de la conviv\u00e8ncia entre els ramaders i els ossos. Aquest grup de treball tamb\u00e9 haur\u00e0 d&#8217;abordar <strong>l&#8217;harmonitzaci\u00f3 dels pagaments per danys, que en aquest moment s\u00f3n m\u00e9s alts a Fran\u00e7a i Arag\u00f3 que a Catalunya i Aran<\/strong>.<\/p>\n<p><strong>El s\u00edndic d&#8217;Aran ha valorat positivament aquesta reuni\u00f3<\/strong> on ha demanat al secretari d&#8217;Estat &#8220;la m\u00e0xima agilitat en la implementaci\u00f3 d&#8217;aquestes mesures, aix\u00ed com una pol\u00edtica que\u00a0afavoreixi\u00a0als ramaders i la seva pres\u00e8ncia al territori, ja que l&#8217;acci\u00f3 ambiental que duen a terme \u00e9s\u00a0insubstitu\u00efble&#8221;.<\/p>\n<p>&nbsp;<\/p>\n ","protected":false},"excerpt":{"rendered":"<p>&nbsp; Durant la reuni\u00f3 s&#8217;han detectat quins s\u00f3n els aspectes que condicionen l&#8217;agilitat de les administracions a l&#8217;hora d&#8217;actuar davant els ossos conflictius i s&#8217;ha plantejat la modificaci\u00f3 del protocol per garantir una presa de decisions m\u00e9s r\u00e0pida i efectiva El s\u00edndic d&#8217;Aran ha valorat positivament aquesta reuni\u00f3 on ha demanat al secretari d&#8217;Estat &#8220;la&#8230;<\/p>\n","protected":false},"author":10,"featured_media":30613,"comment_status":"closed","ping_status":"closed","sticky":false,"template":"","format":"standard","meta":{"footnotes":""},"categories":[53,128,127],"tags":[519,588,520,521,589],"_links":{"self":[{"href":"https:\/\/www.conselharan.org\/ca\/wp-json\/wp\/v2\/posts\/30615"}],"collection":[{"href":"https:\/\/www.conselharan.org\/ca\/wp-json\/wp\/v2\/posts"}],"about":[{"href":"https:\/\/www.conselharan.org\/ca\/wp-json\/wp\/v2\/types\/post"}],"author":[{"embeddable":true,"href":"https:\/\/www.conselharan.org\/ca\/wp-json\/wp\/v2\/users\/10"}],"replies":[{"embeddable":true,"href":"https:\/\/www.conselharan.org\/ca\/wp-json\/wp\/v2\/comments?post=30615"}],"version-history":[{"count":3,"href":"https:\/\/www.conselharan.org\/ca\/wp-json\/wp\/v2\/posts\/30615\/revisions"}],"predecessor-version":[{"id":30625,"href":"https:\/\/www.conselharan.org\/ca\/wp-json\/wp\/v2\/posts\/30615\/revisions\/30625"}],"wp:featuredmedia":[{"embeddable":true,"href":"https:\/\/www.conselharan.org\/ca\/wp-json\/wp\/v2\/media\/30613"}],"wp:attachment":[{"href":"https:\/\/www.conselharan.org\/ca\/wp-json\/wp\/v2\/media?parent=30615"}],"wp:term":[{"taxonomy":"category","embeddable":true,"href":"https:\/\/www.conselharan.org\/ca\/wp-json\/wp\/v2\/categories?post=30615"},{"taxonomy":"post_tag","embeddable":true,"href":"https:\/\/www.conselharan.org\/ca\/wp-json\/wp\/v2\/tags?post=30615"}],"curies":[{"name":"wp","href":"https:\/\/api.w.org\/{rel}","templated":true}]}}