{"id":30640,"date":"2019-10-10T12:53:25","date_gmt":"2019-10-10T10:53:25","guid":{"rendered":"https:\/\/www.conselharan.org\/eth-conselh-generau-daran-cree-ciutaran-un-nau-canau-de-comunicacion-ciutadana\/"},"modified":"2019-10-10T13:17:47","modified_gmt":"2019-10-10T11:17:47","slug":"eth-conselh-generau-daran-cree-ciutaran-un-nau-canau-de-comunicacion-ciutadana","status":"publish","type":"post","link":"https:\/\/www.conselharan.org\/ca\/eth-conselh-generau-daran-cree-ciutaran-un-nau-canau-de-comunicacion-ciutadana\/","title":{"rendered":"El Conselh Generau d\u2019Aran crea \u201cCiutAran\u201d, un nou canal de comunicaci\u00f3 ciutadana"},"content":{"rendered":"<p><a href=\"https:\/\/www.conselharan.org\/wp-content\/uploads\/2019\/10\/Logo-Finau-ComunicacionCiutAran.jpg\"><img loading=\"lazy\" decoding=\"async\" class=\"aligncenter wp-image-30638 size-large\" src=\"https:\/\/www.conselharan.org\/wp-content\/uploads\/2019\/10\/Logo-Finau-ComunicacionCiutAran-1024x1024.jpg\" alt=\"\" width=\"1024\" height=\"1024\" srcset=\"https:\/\/www.conselharan.org\/wp-content\/uploads\/2019\/10\/Logo-Finau-ComunicacionCiutAran-1024x1024.jpg 1024w, https:\/\/www.conselharan.org\/wp-content\/uploads\/2019\/10\/Logo-Finau-ComunicacionCiutAran-150x150.jpg 150w, https:\/\/www.conselharan.org\/wp-content\/uploads\/2019\/10\/Logo-Finau-ComunicacionCiutAran-300x300.jpg 300w, https:\/\/www.conselharan.org\/wp-content\/uploads\/2019\/10\/Logo-Finau-ComunicacionCiutAran-768x768.jpg 768w, https:\/\/www.conselharan.org\/wp-content\/uploads\/2019\/10\/Logo-Finau-ComunicacionCiutAran-270x270.jpg 270w, https:\/\/www.conselharan.org\/wp-content\/uploads\/2019\/10\/Logo-Finau-ComunicacionCiutAran-207x207.jpg 207w, https:\/\/www.conselharan.org\/wp-content\/uploads\/2019\/10\/Logo-Finau-ComunicacionCiutAran-75x75.jpg 75w, https:\/\/www.conselharan.org\/wp-content\/uploads\/2019\/10\/Logo-Finau-ComunicacionCiutAran.jpg 1080w\" sizes=\"(max-width: 1024px) 100vw, 1024px\" \/><\/a><\/p>\n<ul>\n<li>\n<h3><strong>Amb aquest nou instrument, que forma part del Pla de Comunicaci\u00f3 Institucional que la m\u00e0xima instituci\u00f3 aranesa est\u00e0 preparant, es pret\u00e9n difondre tota aquella informaci\u00f3 que pugui ser d\u2019inter\u00e8s ciutad\u00e0 i que tingui a veure amb els diferents \u00e0mbits que gestiona el Conselh Generau <\/strong><\/h3>\n<\/li>\n<\/ul>\n<p>El Conselh\u00a0Generau\u00a0d&#8217;Aran obre un nou canal de comunicaci\u00f3 ciutadana que ha anomenat &#8220;Comunicaci\u00f3\u00a0CiutAran&#8221;, per fomentar i enfortir els lligams entre la instituci\u00f3 i la ciutadania, difonent diversa informaci\u00f3 d&#8217;inter\u00e8s.<\/p>\n<p>L&#8217;objectiu d&#8217;aquest nou canal \u00e9s donar a con\u00e8ixer al conjunt de la ciutadania aranesa afers relacionats amb \u00e0rees com sanitat, gesti\u00f3 de residus, igualtat de g\u00e8nere o foment de la llengua, entre d&#8217;altres.<\/p>\n<p>Aquesta nova via de comunicaci\u00f3 buscar\u00e0 informar de les accions que realitza el\u00a0Conselh\u00a0i, es preveu tamb\u00e9 que en els mesos vinents pugui llen\u00e7ar-se una altra iniciativa\u00a0per a que\u00a0la ciutadania faci arribar a la m\u00e0xima instituci\u00f3 aranesa les seves propostes i reclamacions per construir una xarxa institucional oberta, forta i transparent a l&#8217;Aran.<\/p>\n<p>&#8220;Amb aquesta primera acci\u00f3 pretenem obrir la instituci\u00f3 per, per un costat, establir un canal de comunicaci\u00f3\u00a0directe\u00a0amb la ciutadania aranesa i, per l&#8217;altre, donar a con\u00e8ixer el treball que duu a terme el\u00a0Conselh\u00a0Generau,\u00a0i tamb\u00e9\u00a0posar en valor\u00a0la nostra instituci\u00f3&#8221; manifesta la\u00a0vices\u00edndica\u00a0primera, Maria\u00a0Verg\u00e9s.<\/p>\n ","protected":false},"excerpt":{"rendered":"<p>Amb aquest nou instrument, que forma part del Pla de Comunicaci\u00f3 Institucional que la m\u00e0xima instituci\u00f3 aranesa est\u00e0 preparant, es pret\u00e9n difondre tota aquella informaci\u00f3 que pugui ser d\u2019inter\u00e8s ciutad\u00e0 i que tingui a veure amb els diferents \u00e0mbits que gestiona el Conselh Generau El Conselh\u00a0Generau\u00a0d&#8217;Aran obre un nou canal de comunicaci\u00f3 ciutadana que ha&#8230;<\/p>\n","protected":false},"author":10,"featured_media":30638,"comment_status":"closed","ping_status":"closed","sticky":false,"template":"","format":"standard","meta":{"footnotes":""},"categories":[53],"tags":[594,595],"_links":{"self":[{"href":"https:\/\/www.conselharan.org\/ca\/wp-json\/wp\/v2\/posts\/30640"}],"collection":[{"href":"https:\/\/www.conselharan.org\/ca\/wp-json\/wp\/v2\/posts"}],"about":[{"href":"https:\/\/www.conselharan.org\/ca\/wp-json\/wp\/v2\/types\/post"}],"author":[{"embeddable":true,"href":"https:\/\/www.conselharan.org\/ca\/wp-json\/wp\/v2\/users\/10"}],"replies":[{"embeddable":true,"href":"https:\/\/www.conselharan.org\/ca\/wp-json\/wp\/v2\/comments?post=30640"}],"version-history":[{"count":1,"href":"https:\/\/www.conselharan.org\/ca\/wp-json\/wp\/v2\/posts\/30640\/revisions"}],"predecessor-version":[{"id":30642,"href":"https:\/\/www.conselharan.org\/ca\/wp-json\/wp\/v2\/posts\/30640\/revisions\/30642"}],"wp:featuredmedia":[{"embeddable":true,"href":"https:\/\/www.conselharan.org\/ca\/wp-json\/wp\/v2\/media\/30638"}],"wp:attachment":[{"href":"https:\/\/www.conselharan.org\/ca\/wp-json\/wp\/v2\/media?parent=30640"}],"wp:term":[{"taxonomy":"category","embeddable":true,"href":"https:\/\/www.conselharan.org\/ca\/wp-json\/wp\/v2\/categories?post=30640"},{"taxonomy":"post_tag","embeddable":true,"href":"https:\/\/www.conselharan.org\/ca\/wp-json\/wp\/v2\/tags?post=30640"}],"curies":[{"name":"wp","href":"https:\/\/api.w.org\/{rel}","templated":true}]}}