{"id":30769,"date":"2019-10-17T14:29:34","date_gmt":"2019-10-17T12:29:34","guid":{"rendered":"https:\/\/www.conselharan.org\/comunicat-oficiau-deth-govern-deth-conselh-generau-daran\/"},"modified":"2019-10-17T14:36:13","modified_gmt":"2019-10-17T12:36:13","slug":"comunicat-oficiau-deth-govern-deth-conselh-generau-daran","status":"publish","type":"post","link":"https:\/\/www.conselharan.org\/ca\/comunicat-oficiau-deth-govern-deth-conselh-generau-daran\/","title":{"rendered":"Comunicat oficial del govern del Conselh Generau d\u2019Aran"},"content":{"rendered":"<p><a href=\"https:\/\/www.conselharan.org\/wp-content\/uploads\/2019\/10\/logo-1-color.jpg\"><img loading=\"lazy\" decoding=\"async\" class=\"alignleft wp-image-30762 size-medium\" src=\"https:\/\/www.conselharan.org\/wp-content\/uploads\/2019\/10\/logo-1-color-300x55.jpg\" alt=\"\" width=\"300\" height=\"55\" srcset=\"https:\/\/www.conselharan.org\/wp-content\/uploads\/2019\/10\/logo-1-color-300x55.jpg 300w, https:\/\/www.conselharan.org\/wp-content\/uploads\/2019\/10\/logo-1-color-768x141.jpg 768w, https:\/\/www.conselharan.org\/wp-content\/uploads\/2019\/10\/logo-1-color-1024x188.jpg 1024w, https:\/\/www.conselharan.org\/wp-content\/uploads\/2019\/10\/logo-1-color.jpg 1925w\" sizes=\"(max-width: 300px) 100vw, 300px\" \/><\/a><\/p>\n<p>&nbsp;<\/p>\n<p>&nbsp;<\/p>\n<p>&nbsp;<\/p>\n<p>Davant la situaci\u00f3 pol\u00edtica i social que es viu aquests dies a Catalunya, el govern del\u00a0Conselh\u00a0Generau\u00a0d\u2019Aran vol posar de manifest les seg\u00fcents q\u00fcestions:<\/p>\n<ul>\n<li>El seu <strong>reconeixement al leg\u00edtim dret de manifestaci\u00f3 i opini\u00f3 de la ciutadania<\/strong>, com a element b\u00e0sic de l&#8217;estat de dret i de tota societat democr\u00e0tica.<\/li>\n<li>La seva <strong>condemna a tota forma de viol\u00e8ncia i a la pertorbaci\u00f3 de l&#8217;ordre p\u00fablic i de la conviv\u00e8ncia<\/strong>.<\/li>\n<li>La seva preocupaci\u00f3 per les <strong>conseq\u00fc\u00e8ncies socials, pol\u00edtiques i econ\u00f2miques<\/strong> que provoca la desestabilitzaci\u00f3 pol\u00edtica de Catalunya.<\/li>\n<li>El seu <strong>respecte per les resolucions judicials i per la separaci\u00f3 de poders<\/strong>, aix\u00ed com el <strong>dret de la ciutadania d&#8217;opinar i criticar<\/strong> les sent\u00e8ncies, les quals, al mateix temps, <strong>no ens fan insensibles a la situaci\u00f3 personal dels implicats i les implicades<\/strong>.<\/li>\n<li>La necessitat de <strong>recuperar el di\u00e0leg per a superar les fractures socials, institucionals i pol\u00edtiques<\/strong>. En aquest sentit, resulta indispensable retrobar el sentit de la <strong>lleialtat institucional i del respecte a totes les sensibilitats pol\u00edtiques<\/strong> que conviuen en la nostra societat.<\/li>\n<li><strong>Aran ha estat sempre un territori d&#8217;acollida<\/strong> que s&#8217;ha caracteritzat pel respecte als diversos sentiments de la seva ciutadania, alhora que <strong>defensa la seva pr\u00f2pia identitat<\/strong>.<\/li>\n<li>Una de les conseq\u00fc\u00e8ncies d&#8217;aquesta crisi \u00e9s la <strong>par\u00e0lisi institucional i pol\u00edtica<\/strong> que afecta tamb\u00e9, de manera directa, el funcionament del\u00a0Conselh\u00a0Generau\u00a0d\u2019Aran.<\/li>\n<li><strong>Per a Aran \u00e9s indispensable recuperar l&#8217;estabilitat<\/strong> per a poder superar una situaci\u00f3 pol\u00edtica i financera que es remunta a l&#8217;any 2011 i que ha <strong>castigat durament la nostra capacitat d&#8217;autogovern<\/strong>.<\/li>\n<\/ul>\n<p><strong><br \/>\nPer tot aix\u00f2, el govern del\u00a0Conselh\u00a0Generau\u00a0d\u2019Aran reclama el retorn al di\u00e0leg pol\u00edtic, a l&#8217;estabilitat i el respecte a les lleis i al marc democr\u00e0tic com a garantia de la nostra conviv\u00e8ncia.<\/strong><\/p>\n ","protected":false},"excerpt":{"rendered":"<p>&nbsp; &nbsp; &nbsp; Davant la situaci\u00f3 pol\u00edtica i social que es viu aquests dies a Catalunya, el govern del\u00a0Conselh\u00a0Generau\u00a0d\u2019Aran vol posar de manifest les seg\u00fcents q\u00fcestions: El seu reconeixement al leg\u00edtim dret de manifestaci\u00f3 i opini\u00f3 de la ciutadania, com a element b\u00e0sic de l&#8217;estat de dret i de tota societat democr\u00e0tica. La seva condemna&#8230;<\/p>\n","protected":false},"author":10,"featured_media":30766,"comment_status":"closed","ping_status":"closed","sticky":false,"template":"","format":"standard","meta":{"footnotes":""},"categories":[53],"tags":[],"_links":{"self":[{"href":"https:\/\/www.conselharan.org\/ca\/wp-json\/wp\/v2\/posts\/30769"}],"collection":[{"href":"https:\/\/www.conselharan.org\/ca\/wp-json\/wp\/v2\/posts"}],"about":[{"href":"https:\/\/www.conselharan.org\/ca\/wp-json\/wp\/v2\/types\/post"}],"author":[{"embeddable":true,"href":"https:\/\/www.conselharan.org\/ca\/wp-json\/wp\/v2\/users\/10"}],"replies":[{"embeddable":true,"href":"https:\/\/www.conselharan.org\/ca\/wp-json\/wp\/v2\/comments?post=30769"}],"version-history":[{"count":3,"href":"https:\/\/www.conselharan.org\/ca\/wp-json\/wp\/v2\/posts\/30769\/revisions"}],"predecessor-version":[{"id":30776,"href":"https:\/\/www.conselharan.org\/ca\/wp-json\/wp\/v2\/posts\/30769\/revisions\/30776"}],"wp:featuredmedia":[{"embeddable":true,"href":"https:\/\/www.conselharan.org\/ca\/wp-json\/wp\/v2\/media\/30766"}],"wp:attachment":[{"href":"https:\/\/www.conselharan.org\/ca\/wp-json\/wp\/v2\/media?parent=30769"}],"wp:term":[{"taxonomy":"category","embeddable":true,"href":"https:\/\/www.conselharan.org\/ca\/wp-json\/wp\/v2\/categories?post=30769"},{"taxonomy":"post_tag","embeddable":true,"href":"https:\/\/www.conselharan.org\/ca\/wp-json\/wp\/v2\/tags?post=30769"}],"curies":[{"name":"wp","href":"https:\/\/api.w.org\/{rel}","templated":true}]}}