{"id":30818,"date":"2019-10-25T11:45:42","date_gmt":"2019-10-25T09:45:42","guid":{"rendered":"https:\/\/www.conselharan.org\/eth-laboratori-der-espitau-val-daran-recep-eth-certificat-de-qualitat-iso-90012015\/"},"modified":"2019-10-25T12:08:24","modified_gmt":"2019-10-25T10:08:24","slug":"eth-laboratori-der-espitau-val-daran-recep-eth-certificat-de-qualitat-iso-90012015","status":"publish","type":"post","link":"https:\/\/www.conselharan.org\/ca\/eth-laboratori-der-espitau-val-daran-recep-eth-certificat-de-qualitat-iso-90012015\/","title":{"rendered":"El laboratori de l&#8217;Hospital Val d\u2019Aran rep el certificat de qualitat ISO 9001:2015"},"content":{"rendered":"<p><a href=\"https:\/\/www.conselharan.org\/wp-content\/uploads\/2019\/10\/louis-reed-pwcKF7L4-no-unsplash.jpg\"><img loading=\"lazy\" decoding=\"async\" class=\"aligncenter wp-image-30814 size-large\" src=\"https:\/\/www.conselharan.org\/wp-content\/uploads\/2019\/10\/louis-reed-pwcKF7L4-no-unsplash-1024x683.jpg\" alt=\"\" width=\"1024\" height=\"683\" srcset=\"https:\/\/www.conselharan.org\/wp-content\/uploads\/2019\/10\/louis-reed-pwcKF7L4-no-unsplash-1024x683.jpg 1024w, https:\/\/www.conselharan.org\/wp-content\/uploads\/2019\/10\/louis-reed-pwcKF7L4-no-unsplash-300x200.jpg 300w, https:\/\/www.conselharan.org\/wp-content\/uploads\/2019\/10\/louis-reed-pwcKF7L4-no-unsplash-768x512.jpg 768w\" sizes=\"(max-width: 1024px) 100vw, 1024px\" \/><\/a><\/p>\n<ul>\n<li>\n<h3><strong>Aquesta certificaci\u00f3 arriba despr\u00e9s de dos anys de treball per part de l&#8217;equip de l&#8217;\u00e0rea de laboratori<\/strong><\/h3>\n<\/li>\n<li>\n<h3><strong>Amb aquesta qualificaci\u00f3 s&#8217;estandarditzen els circuits interns i els protocols del laboratori, garantint la qualitat en els diferents processos realitzats<\/strong><\/h3>\n<\/li>\n<\/ul>\n<p>El laboratori de l&#8217;Hospital\u00a0Val\u00a0d\u2019Aran ha obtingut enguany el certificat UNE-EN-ISO 9001:2015 amb \u00e0mbit d&#8217;aplicaci\u00f3 a totes les \u00e0rees d&#8217;an\u00e0lisis del laboratori, concedida per l&#8217;empresa certificadora\u00a0Applus. Una certificaci\u00f3 que arriba despr\u00e9s d&#8217;un intens treball d&#8217;adaptaci\u00f3 de gaireb\u00e9 dos anys per part dels t\u00e8cnics d&#8217;aquesta \u00e0rea de l&#8217;hospital aran\u00e8s.<\/p>\n<p>Aquest certificat, explica el responsable de laboratori cl\u00ednic, Luis \u00c1ngel Roncero, \u201csuposa una estandarditzaci\u00f3 dels circuits interns i els protocols del laboratori, atenent qualsevol incid\u00e8ncia que pugui produir-se per a poder implementar les mesures de millora necess\u00e0ries\u201d i afegeix que \u201cla certificaci\u00f3 era necess\u00e0ria per a estar al mateix nivell que altres hospitals de territoris ve\u00efns, que ja la tenien\u201d.<\/p>\n<p>La implicaci\u00f3 que assumeix el laboratori amb aquesta certificaci\u00f3 t\u00e9 dos vessants, d&#8217;una banda, en el que fa refer\u00e8ncia al pacient, assegura una disminuci\u00f3 d&#8217;errors en tot el proc\u00e9s d&#8217;an\u00e0lisi i lliurament de resultats, i d&#8217;altra banda, en refer\u00e8ncia al personal de laboratori, assegura un forma de treball estandarditzada sempre sota uns procediments i protocols establerts, que donen com a conseq\u00fc\u00e8ncia una minoraci\u00f3 de possibles fonts d&#8217;error.<\/p>\n<p>La norma ISO 9001:2015 est\u00e0 elaborada per l&#8217;Organitzaci\u00f3 Internacional per a l&#8217;Estandarditzaci\u00f3 (ISO en angl\u00e8s), un organisme independent que estableix els requisits per a un Sistema de Gesti\u00f3 de Qualitat que es pot utilitzar per a la seva aplicaci\u00f3 interna en les empreses i que reuneix a m\u00e9s d&#8217;un mili\u00f3 d&#8217;organitzacions en m\u00e9s de 170 pa\u00efsos del m\u00f3n.<\/p>\n<p>Per a la consellera d&#8217;Igualtat, Salut i Benestar d&#8217;Aran, Maria Verg\u00e9s, \u201cla concessi\u00f3 d&#8217;aquest reconeixement garanteix que el laboratori de l&#8217;Hospital\u00a0Val\u00a0d\u2019Aran (Aran\u00a0Salut)\u00a0compleixi amb un est\u00e0ndard de qualitat reconegut a nivell internacional\u201d. Aix\u00ed mateix, afegeix que \u201caconseguir aquesta consideraci\u00f3 ha estat possible gr\u00e0cies al treball i dedicaci\u00f3 de l&#8217;equip de professionals del laboratori, als qui el govern del\u00a0Conselh\u00a0Generau\u00a0d\u2019Aran vol recon\u00e8ixer i agrair el seu esfor\u00e7\u201d.<\/p>\n<p>Estar dins d&#8217;un sistema de qualitat certificat amb la Norma ISO 9001:2015, implica una cerca cont\u00ednua de m\u00e8todes anal\u00edtics m\u00e9s eficients i precisos, una formaci\u00f3 continuada de coneixements del personal de laboratori i un desenvolupament de bones pr\u00e0ctiques en cerca de la seguretat del pacient.<\/p>\n<p><a href=\"https:\/\/www.conselharan.org\/wp-content\/uploads\/2019\/10\/certificat-occitan.jpg\"><img loading=\"lazy\" decoding=\"async\" class=\"aligncenter wp-image-30811 size-large\" src=\"https:\/\/www.conselharan.org\/wp-content\/uploads\/2019\/10\/certificat-occitan-724x1024.jpg\" alt=\"\" width=\"724\" height=\"1024\" srcset=\"https:\/\/www.conselharan.org\/wp-content\/uploads\/2019\/10\/certificat-occitan-724x1024.jpg 724w, https:\/\/www.conselharan.org\/wp-content\/uploads\/2019\/10\/certificat-occitan-212x300.jpg 212w, https:\/\/www.conselharan.org\/wp-content\/uploads\/2019\/10\/certificat-occitan-768x1086.jpg 768w\" sizes=\"(max-width: 724px) 100vw, 724px\" \/><\/a><\/p>\n ","protected":false},"excerpt":{"rendered":"<p>Aquesta certificaci\u00f3 arriba despr\u00e9s de dos anys de treball per part de l&#8217;equip de l&#8217;\u00e0rea de laboratori Amb aquesta qualificaci\u00f3 s&#8217;estandarditzen els circuits interns i els protocols del laboratori, garantint la qualitat en els diferents processos realitzats El laboratori de l&#8217;Hospital\u00a0Val\u00a0d\u2019Aran ha obtingut enguany el certificat UNE-EN-ISO 9001:2015 amb \u00e0mbit d&#8217;aplicaci\u00f3 a totes les \u00e0rees&#8230;<\/p>\n","protected":false},"author":10,"featured_media":30815,"comment_status":"closed","ping_status":"closed","sticky":false,"template":"","format":"standard","meta":{"footnotes":""},"categories":[33],"tags":[618,172,624,619,620],"_links":{"self":[{"href":"https:\/\/www.conselharan.org\/ca\/wp-json\/wp\/v2\/posts\/30818"}],"collection":[{"href":"https:\/\/www.conselharan.org\/ca\/wp-json\/wp\/v2\/posts"}],"about":[{"href":"https:\/\/www.conselharan.org\/ca\/wp-json\/wp\/v2\/types\/post"}],"author":[{"embeddable":true,"href":"https:\/\/www.conselharan.org\/ca\/wp-json\/wp\/v2\/users\/10"}],"replies":[{"embeddable":true,"href":"https:\/\/www.conselharan.org\/ca\/wp-json\/wp\/v2\/comments?post=30818"}],"version-history":[{"count":5,"href":"https:\/\/www.conselharan.org\/ca\/wp-json\/wp\/v2\/posts\/30818\/revisions"}],"predecessor-version":[{"id":30826,"href":"https:\/\/www.conselharan.org\/ca\/wp-json\/wp\/v2\/posts\/30818\/revisions\/30826"}],"wp:featuredmedia":[{"embeddable":true,"href":"https:\/\/www.conselharan.org\/ca\/wp-json\/wp\/v2\/media\/30815"}],"wp:attachment":[{"href":"https:\/\/www.conselharan.org\/ca\/wp-json\/wp\/v2\/media?parent=30818"}],"wp:term":[{"taxonomy":"category","embeddable":true,"href":"https:\/\/www.conselharan.org\/ca\/wp-json\/wp\/v2\/categories?post=30818"},{"taxonomy":"post_tag","embeddable":true,"href":"https:\/\/www.conselharan.org\/ca\/wp-json\/wp\/v2\/tags?post=30818"}],"curies":[{"name":"wp","href":"https:\/\/api.w.org\/{rel}","templated":true}]}}