{"id":30853,"date":"2019-10-29T16:12:10","date_gmt":"2019-10-29T15:12:10","guid":{"rendered":"https:\/\/www.conselharan.org\/jornada-de-trabalh-deth-conselh-generau-damb-eth-sem-e-catsalut\/"},"modified":"2019-10-29T16:15:31","modified_gmt":"2019-10-29T15:15:31","slug":"jornada-de-trabalh-deth-conselh-generau-damb-eth-sem-e-catsalut","status":"publish","type":"post","link":"https:\/\/www.conselharan.org\/ca\/jornada-de-trabalh-deth-conselh-generau-damb-eth-sem-e-catsalut\/","title":{"rendered":"Jornada de treball del Conselh Generau d\u2019Aran amb el SEM i CatSalut"},"content":{"rendered":"<p><a href=\"https:\/\/www.conselharan.org\/wp-content\/uploads\/2019\/10\/IMG_4504.jpg\"><img loading=\"lazy\" decoding=\"async\" class=\"aligncenter wp-image-30849 size-large\" src=\"https:\/\/www.conselharan.org\/wp-content\/uploads\/2019\/10\/IMG_4504-1024x768.jpg\" alt=\"\" width=\"1024\" height=\"768\" srcset=\"https:\/\/www.conselharan.org\/wp-content\/uploads\/2019\/10\/IMG_4504-1024x768.jpg 1024w, https:\/\/www.conselharan.org\/wp-content\/uploads\/2019\/10\/IMG_4504-300x225.jpg 300w, https:\/\/www.conselharan.org\/wp-content\/uploads\/2019\/10\/IMG_4504-768x576.jpg 768w\" sizes=\"(max-width: 1024px) 100vw, 1024px\" \/><\/a><\/p>\n<ul>\n<li>\n<h3><strong>Durant la reuni\u00f3 s&#8217;han tractat diversos assumptes en com\u00fa d&#8217;aquests serveis amb Aran en tot all\u00f2 relacionat amb la gesti\u00f3 de les emerg\u00e8ncies i els reptes de futur que cal encarar<\/strong><\/h3>\n<\/li>\n<\/ul>\n<p>Avui ha tingut lloc una jornada de treball entre la consellera d&#8217;Igualtat, Salut i Benestar, Maria Verg\u00e9s, la directora del Servei Aran\u00e8s de Benestar i Salut (SABS), M\u00aa \u00c0ngels Borr\u00e0s, el major de\u00a0Pompi\u00e8rs\u00a0Emerg\u00e9ncies, Manel Bosch, el director t\u00e8cnic de\u00a0Pompi\u00e8rs\u00a0Emerg\u00e9ncies, Fran\u00a0Carde\u00f1es, juntament amb diversos representants del Servei d&#8217;Emerg\u00e8ncies M\u00e8diques (SEM)\u00a0i\u00a0CatSalut, entre ells la gerent de\u00a0CatSalut\u00a0a l&#8217;Alt Pirineu i Aran, Divina\u00a0Farreny, i el gerent del\u00a0SEM, Antoni\u00a0Encinas.<\/p>\n<p>Aquesta jornada ha estat un primer contacte entre les organitzacions on s&#8217;ha realitzat un seguiment del conveni entre el SABS i el SEM per a la gesti\u00f3 de les emerg\u00e8ncies m\u00e8diques. Durant aquesta reuni\u00f3 s&#8217;ha intentat detectar quines s\u00f3n les actualitzacions necess\u00e0ries en aquest conveni.<\/p>\n<p>La consellera Verg\u00e9s ha mostrat \u201cla voluntat que t\u00e9 el\u00a0Conselh\u00a0Generau\u00a0d\u2019Aran de treballar conjuntament i establir una bona relaci\u00f3 amb aquests dos organismes per a poder trobar i resoldre els punts de millora necessaris per a garantir un servei de qualitat a l\u2019Aran\u201d.<\/p>\n<p>En mat\u00e8ria de sanitat cal informar tamb\u00e9 que aquest dijous, 31 d&#8217;octubre, el s\u00edndic d&#8217;Aran, Franc\u00e9s Boya, i la consellera d&#8217;Igualtat, Salut i Benestar es reuniran amb la consellera de Salut de la Generalitat de Catalunya, Alba Verg\u00e9s, per tractar assumptes primordials de la sanitat aranesa.<\/p>\n ","protected":false},"excerpt":{"rendered":"<p>Durant la reuni\u00f3 s&#8217;han tractat diversos assumptes en com\u00fa d&#8217;aquests serveis amb Aran en tot all\u00f2 relacionat amb la gesti\u00f3 de les emerg\u00e8ncies i els reptes de futur que cal encarar Avui ha tingut lloc una jornada de treball entre la consellera d&#8217;Igualtat, Salut i Benestar, Maria Verg\u00e9s, la directora del Servei Aran\u00e8s de Benestar&#8230;<\/p>\n","protected":false},"author":10,"featured_media":30850,"comment_status":"closed","ping_status":"closed","sticky":false,"template":"","format":"standard","meta":{"footnotes":""},"categories":[53],"tags":[],"_links":{"self":[{"href":"https:\/\/www.conselharan.org\/ca\/wp-json\/wp\/v2\/posts\/30853"}],"collection":[{"href":"https:\/\/www.conselharan.org\/ca\/wp-json\/wp\/v2\/posts"}],"about":[{"href":"https:\/\/www.conselharan.org\/ca\/wp-json\/wp\/v2\/types\/post"}],"author":[{"embeddable":true,"href":"https:\/\/www.conselharan.org\/ca\/wp-json\/wp\/v2\/users\/10"}],"replies":[{"embeddable":true,"href":"https:\/\/www.conselharan.org\/ca\/wp-json\/wp\/v2\/comments?post=30853"}],"version-history":[{"count":1,"href":"https:\/\/www.conselharan.org\/ca\/wp-json\/wp\/v2\/posts\/30853\/revisions"}],"predecessor-version":[{"id":30855,"href":"https:\/\/www.conselharan.org\/ca\/wp-json\/wp\/v2\/posts\/30853\/revisions\/30855"}],"wp:featuredmedia":[{"embeddable":true,"href":"https:\/\/www.conselharan.org\/ca\/wp-json\/wp\/v2\/media\/30850"}],"wp:attachment":[{"href":"https:\/\/www.conselharan.org\/ca\/wp-json\/wp\/v2\/media?parent=30853"}],"wp:term":[{"taxonomy":"category","embeddable":true,"href":"https:\/\/www.conselharan.org\/ca\/wp-json\/wp\/v2\/categories?post=30853"},{"taxonomy":"post_tag","embeddable":true,"href":"https:\/\/www.conselharan.org\/ca\/wp-json\/wp\/v2\/tags?post=30853"}],"curies":[{"name":"wp","href":"https:\/\/api.w.org\/{rel}","templated":true}]}}