{"id":30904,"date":"2019-11-02T13:56:26","date_gmt":"2019-11-02T12:56:26","guid":{"rendered":"https:\/\/www.conselharan.org\/eth-sindic-rep-ath-president-deth-senat-en-conselh-generau-daran\/"},"modified":"2019-11-02T13:57:54","modified_gmt":"2019-11-02T12:57:54","slug":"eth-sindic-rep-ath-president-deth-senat-en-conselh-generau-daran","status":"publish","type":"post","link":"https:\/\/www.conselharan.org\/ca\/eth-sindic-rep-ath-president-deth-senat-en-conselh-generau-daran\/","title":{"rendered":"El s\u00edndic rep al president del Senat al Conselh Generau d\u2019Aran"},"content":{"rendered":"<p><a href=\"https:\/\/www.conselharan.org\/wp-content\/uploads\/2019\/11\/Visita-president-Senat-2.jpeg\"><img loading=\"lazy\" decoding=\"async\" class=\"aligncenter wp-image-30900 size-full\" src=\"https:\/\/www.conselharan.org\/wp-content\/uploads\/2019\/11\/Visita-president-Senat-2.jpeg\" alt=\"\" width=\"2048\" height=\"1536\" srcset=\"https:\/\/www.conselharan.org\/wp-content\/uploads\/2019\/11\/Visita-president-Senat-2.jpeg 2048w, https:\/\/www.conselharan.org\/wp-content\/uploads\/2019\/11\/Visita-president-Senat-2-300x225.jpeg 300w, https:\/\/www.conselharan.org\/wp-content\/uploads\/2019\/11\/Visita-president-Senat-2-768x576.jpeg 768w, https:\/\/www.conselharan.org\/wp-content\/uploads\/2019\/11\/Visita-president-Senat-2-1024x768.jpeg 1024w\" sizes=\"(max-width: 2048px) 100vw, 2048px\" \/><\/a><\/p>\n<ul>\n<li>\n<h3><strong>Durant la visita de Manuel Cruz a Aran, el s\u00edndic Boya ha reivindicat que la constituci\u00f3 espanyola reconegui la singularitat del nostre territori<\/strong><\/h3>\n<\/li>\n<\/ul>\n<p>El president del Senat espanyol, Manuel Cruz, ha visitat avui la Val d&#8217;Aran. Durant la seva visita, ha estat rebut pel s\u00edndic d&#8217;Aran, Franc\u00e9s Boya, i altres membres del govern aran\u00e8s a la seu del\u00a0Conselh\u00a0Generau\u00a0d\u2019Aran.<\/p>\n<p>Durant aquesta trobada, el s\u00edndic d&#8217;Aran ha aprofitat per a reclamar \u201cel reconeixement de la singularitat del Val d&#8217;Aran dins la Constituci\u00f3 espanyola\u201d.<\/p>\n<p>El president del Senat ha pogut con\u00e8ixer de prop les particularitats de l\u2019Aran de la m\u00e0 dels m\u00e0xims representants del govern aran\u00e8s, que han pogut acostar-li les preocupacions presents del nostre pa\u00eds.<\/p>\n<p>&nbsp;<\/p>\n<p><a href=\"https:\/\/www.conselharan.org\/wp-content\/uploads\/2019\/11\/Visita-president-Senat-1.jpeg\"><img loading=\"lazy\" decoding=\"async\" class=\"aligncenter wp-image-30897 size-full\" src=\"https:\/\/www.conselharan.org\/wp-content\/uploads\/2019\/11\/Visita-president-Senat-1.jpeg\" alt=\"\" width=\"2048\" height=\"1536\" srcset=\"https:\/\/www.conselharan.org\/wp-content\/uploads\/2019\/11\/Visita-president-Senat-1.jpeg 2048w, https:\/\/www.conselharan.org\/wp-content\/uploads\/2019\/11\/Visita-president-Senat-1-300x225.jpeg 300w, https:\/\/www.conselharan.org\/wp-content\/uploads\/2019\/11\/Visita-president-Senat-1-768x576.jpeg 768w, https:\/\/www.conselharan.org\/wp-content\/uploads\/2019\/11\/Visita-president-Senat-1-1024x768.jpeg 1024w\" sizes=\"(max-width: 2048px) 100vw, 2048px\" \/><\/a><\/p>\n ","protected":false},"excerpt":{"rendered":"<p>Durant la visita de Manuel Cruz a Aran, el s\u00edndic Boya ha reivindicat que la constituci\u00f3 espanyola reconegui la singularitat del nostre territori El president del Senat espanyol, Manuel Cruz, ha visitat avui la Val d&#8217;Aran. Durant la seva visita, ha estat rebut pel s\u00edndic d&#8217;Aran, Franc\u00e9s Boya, i altres membres del govern aran\u00e8s a&#8230;<\/p>\n","protected":false},"author":10,"featured_media":30901,"comment_status":"closed","ping_status":"closed","sticky":false,"template":"","format":"standard","meta":{"footnotes":""},"categories":[33],"tags":[638,640],"_links":{"self":[{"href":"https:\/\/www.conselharan.org\/ca\/wp-json\/wp\/v2\/posts\/30904"}],"collection":[{"href":"https:\/\/www.conselharan.org\/ca\/wp-json\/wp\/v2\/posts"}],"about":[{"href":"https:\/\/www.conselharan.org\/ca\/wp-json\/wp\/v2\/types\/post"}],"author":[{"embeddable":true,"href":"https:\/\/www.conselharan.org\/ca\/wp-json\/wp\/v2\/users\/10"}],"replies":[{"embeddable":true,"href":"https:\/\/www.conselharan.org\/ca\/wp-json\/wp\/v2\/comments?post=30904"}],"version-history":[{"count":1,"href":"https:\/\/www.conselharan.org\/ca\/wp-json\/wp\/v2\/posts\/30904\/revisions"}],"predecessor-version":[{"id":30906,"href":"https:\/\/www.conselharan.org\/ca\/wp-json\/wp\/v2\/posts\/30904\/revisions\/30906"}],"wp:featuredmedia":[{"embeddable":true,"href":"https:\/\/www.conselharan.org\/ca\/wp-json\/wp\/v2\/media\/30901"}],"wp:attachment":[{"href":"https:\/\/www.conselharan.org\/ca\/wp-json\/wp\/v2\/media?parent=30904"}],"wp:term":[{"taxonomy":"category","embeddable":true,"href":"https:\/\/www.conselharan.org\/ca\/wp-json\/wp\/v2\/categories?post=30904"},{"taxonomy":"post_tag","embeddable":true,"href":"https:\/\/www.conselharan.org\/ca\/wp-json\/wp\/v2\/tags?post=30904"}],"curies":[{"name":"wp","href":"https:\/\/api.w.org\/{rel}","templated":true}]}}