{"id":31210,"date":"2019-11-27T19:33:53","date_gmt":"2019-11-27T18:33:53","guid":{"rendered":"https:\/\/www.conselharan.org\/eth-sindic-daran-e-eth-president-dera-deputacion-de-lleida-refortilhen-es-ligams-dandues-institucions\/"},"modified":"2019-11-27T21:01:28","modified_gmt":"2019-11-27T20:01:28","slug":"eth-sindic-daran-e-eth-president-dera-deputacion-de-lleida-refortilhen-es-ligams-dandues-institucions","status":"publish","type":"post","link":"https:\/\/www.conselharan.org\/ca\/eth-sindic-daran-e-eth-president-dera-deputacion-de-lleida-refortilhen-es-ligams-dandues-institucions\/","title":{"rendered":"El s\u00edndic d&#8217;Aran i el president de la Diputaci\u00f3 de Lleida reforcen els lla\u00e7os entre ambdues institucions"},"content":{"rendered":"<p><a href=\"https:\/\/www.conselharan.org\/wp-content\/uploads\/2019\/11\/DSC_0560.jpg\"><img loading=\"lazy\" decoding=\"async\" class=\"aligncenter wp-image-31205 size-large\" src=\"https:\/\/www.conselharan.org\/wp-content\/uploads\/2019\/11\/DSC_0560-1024x681.jpg\" alt=\"\" width=\"1024\" height=\"681\" srcset=\"https:\/\/www.conselharan.org\/wp-content\/uploads\/2019\/11\/DSC_0560-1024x681.jpg 1024w, https:\/\/www.conselharan.org\/wp-content\/uploads\/2019\/11\/DSC_0560-300x199.jpg 300w, https:\/\/www.conselharan.org\/wp-content\/uploads\/2019\/11\/DSC_0560-768x511.jpg 768w\" sizes=\"(max-width: 1024px) 100vw, 1024px\" \/><\/a><\/p>\n<ul>\n<li>\n<h3><strong>El s\u00edndic d&#8217;Aran, Franc\u00e9s Boya, i el president de la Diputaci\u00f3, Joan Talarn, han mostrat el seu comprom\u00eds a mantenir una estreta col\u00b7laboraci\u00f3 entre ambdues institucions durant la visita del president al Val d&#8217;Aran, que ha tingut lloc avui<\/strong><\/h3>\n<\/li>\n<li>\n<h3><strong>Durant la jornada s&#8217;han tractat assumptes de gran import\u00e0ncia per Aran, com donar resposta a les necessitats de la sanitat aranesa, el suport per al retorn del talent o la millora de la seguretat a l\u2019N-230<\/strong><\/h3>\n<\/li>\n<\/ul>\n<p>Avui ha tingut lloc la primera visita del president de la Diputaci\u00f3 de Lleida, Joan Talarn, al Val d&#8217;Aran per a con\u00e8ixer de primera m\u00e0 la realitat i les necessitats del territori. Una visita on s&#8217;ha posat de manifest la voluntat d&#8217;enfortir els lla\u00e7os entre el Conselh Generau d\u2019Aran i la Diputaci\u00f3, renovant el conveni marc de col\u00b7laboraci\u00f3.<\/p>\n<p>Talarn ha vingut acompanyat pel vicepresident de la Diputaci\u00f3, Antoni Navin\u00e9s, i ha estat rebut al Conselh pel s\u00edndic d&#8217;Aran, Franc\u00e9s Boya, per a una primera reuni\u00f3 en la qual s&#8217;han tractat diferents assumptes relacionats amb la cooperaci\u00f3 i col\u00b7laboraci\u00f3 que han mantingut hist\u00f2ricament ambdues institucions.<\/p>\n<p>\u201cLa Diputaci\u00f3 ha tingut sempre un inter\u00e8s especial en els temes que tenen a veure amb la llengua, la identitat i l&#8217;autogovern d&#8217;Aran\u201d, afirmava el s\u00edndic, que ha volgut agrair al president \u201cla disponibilitat i, sobretot, la complicitat que t\u00e9 amb el territori i, especialment, amb aquests \u00e0mbits\u201d<\/p>\n<p>Per part seva, Talarn assegurava que: \u201caquesta era una visita obligada per al reconeixement a la realitat pol\u00edtica i cultural d&#8217;Aran, per a escoltar, compartir i con\u00e8ixer les necessitats del territori\u201d.<\/p>\n<p>Durant el mat\u00ed, ha tingut lloc tamb\u00e9 una reuni\u00f3 amb la totalitat de consellers i conselleres del ple del\u00a0Conselh\u00a0Generau\u00a0d\u2019Aran i els alcaldes i alcaldesses dels municipis aranesos, on s&#8217;han tractat assumptes tan importants com les necessitats de la sanitat aranesa, la greu problem\u00e0tica de seguretat a l\u2019N-230 o el patrimoni cultural aran\u00e8s, entre d\u2019altres.<\/p>\n<p>\u201cHem parlat tamb\u00e9 de la necessitat de donar suport al retorn del talent, als joves que volen tornar al Val d&#8217;Aran una vegada acabada la seva formaci\u00f3 a les zones urbanes. Volem, amb la col\u00b7laboraci\u00f3 de la Diputaci\u00f3, establir estrat\u00e8gies que ens permetin aquest retorn per a refor\u00e7ar la diversificaci\u00f3 de l&#8217;economia, que en el nostre cas \u00e9s molt important. Aspirem al fet que tot aquest talent i la inversi\u00f3 que fan les fam\u00edlies pugui repercutir positivament en la societat dels nostres pobles\u201d, assegurava Boya.<\/p>\n<p>Per finalitzar la jornada, s&#8217;han realitzat visites a l&#8217;Hospital\u00a0Val\u00a0d\u2019Aran i al Palau de Gel, perqu\u00e8 el president pogu\u00e9s con\u00e8ixer les necessitats d&#8217;aquestes instal\u00b7lacions tan importants per al territori. I, finalment, han visitat el municipi de Boss\u00f2st de la m\u00e0 del tamb\u00e9 diputat provincial, Amador Marqu\u00e8s.<\/p>\n<p>&nbsp;<\/p>\n ","protected":false},"excerpt":{"rendered":"<p>El s\u00edndic d&#8217;Aran, Franc\u00e9s Boya, i el president de la Diputaci\u00f3, Joan Talarn, han mostrat el seu comprom\u00eds a mantenir una estreta col\u00b7laboraci\u00f3 entre ambdues institucions durant la visita del president al Val d&#8217;Aran, que ha tingut lloc avui Durant la jornada s&#8217;han tractat assumptes de gran import\u00e0ncia per Aran, com donar resposta a les&#8230;<\/p>\n","protected":false},"author":10,"featured_media":31206,"comment_status":"closed","ping_status":"closed","sticky":false,"template":"","format":"standard","meta":{"footnotes":""},"categories":[53],"tags":[746,747],"_links":{"self":[{"href":"https:\/\/www.conselharan.org\/ca\/wp-json\/wp\/v2\/posts\/31210"}],"collection":[{"href":"https:\/\/www.conselharan.org\/ca\/wp-json\/wp\/v2\/posts"}],"about":[{"href":"https:\/\/www.conselharan.org\/ca\/wp-json\/wp\/v2\/types\/post"}],"author":[{"embeddable":true,"href":"https:\/\/www.conselharan.org\/ca\/wp-json\/wp\/v2\/users\/10"}],"replies":[{"embeddable":true,"href":"https:\/\/www.conselharan.org\/ca\/wp-json\/wp\/v2\/comments?post=31210"}],"version-history":[{"count":2,"href":"https:\/\/www.conselharan.org\/ca\/wp-json\/wp\/v2\/posts\/31210\/revisions"}],"predecessor-version":[{"id":31214,"href":"https:\/\/www.conselharan.org\/ca\/wp-json\/wp\/v2\/posts\/31210\/revisions\/31214"}],"wp:featuredmedia":[{"embeddable":true,"href":"https:\/\/www.conselharan.org\/ca\/wp-json\/wp\/v2\/media\/31206"}],"wp:attachment":[{"href":"https:\/\/www.conselharan.org\/ca\/wp-json\/wp\/v2\/media?parent=31210"}],"wp:term":[{"taxonomy":"category","embeddable":true,"href":"https:\/\/www.conselharan.org\/ca\/wp-json\/wp\/v2\/categories?post=31210"},{"taxonomy":"post_tag","embeddable":true,"href":"https:\/\/www.conselharan.org\/ca\/wp-json\/wp\/v2\/tags?post=31210"}],"curies":[{"name":"wp","href":"https:\/\/api.w.org\/{rel}","templated":true}]}}