{"id":31224,"date":"2019-11-28T16:03:04","date_gmt":"2019-11-28T15:03:04","guid":{"rendered":"https:\/\/www.conselharan.org\/eth-sindic-daran-participe-en-acte-de-commemoracion-deth-tractat-de-lies-e-patzeries\/"},"modified":"2019-11-28T16:04:57","modified_gmt":"2019-11-28T15:04:57","slug":"eth-sindic-daran-participe-en-acte-de-commemoracion-deth-tractat-de-lies-e-patzeries","status":"publish","type":"post","link":"https:\/\/www.conselharan.org\/ca\/eth-sindic-daran-participe-en-acte-de-commemoracion-deth-tractat-de-lies-e-patzeries\/","title":{"rendered":"El s\u00edndic d&#8217;Aran participa en l&#8217;acte de commemoraci\u00f3 del tractat de Lies e Patzeries"},"content":{"rendered":"<p><a href=\"https:\/\/www.conselharan.org\/wp-content\/uploads\/2019\/11\/Lies-e-Patzeries.jpeg\"><img loading=\"lazy\" decoding=\"async\" class=\"aligncenter wp-image-31220 size-large\" src=\"https:\/\/www.conselharan.org\/wp-content\/uploads\/2019\/11\/Lies-e-Patzeries-1024x754.jpeg\" alt=\"\" width=\"1024\" height=\"754\" srcset=\"https:\/\/www.conselharan.org\/wp-content\/uploads\/2019\/11\/Lies-e-Patzeries-1024x754.jpeg 1024w, https:\/\/www.conselharan.org\/wp-content\/uploads\/2019\/11\/Lies-e-Patzeries-300x221.jpeg 300w, https:\/\/www.conselharan.org\/wp-content\/uploads\/2019\/11\/Lies-e-Patzeries-768x566.jpeg 768w, https:\/\/www.conselharan.org\/wp-content\/uploads\/2019\/11\/Lies-e-Patzeries.jpeg 2048w\" sizes=\"(max-width: 1024px) 100vw, 1024px\" \/><\/a><\/p>\n<ul>\n<li>\n<h3><strong>Durant aquesta jornada de va dur a terme tamb\u00e9 una reuni\u00f3 de treball amb el president de la Communaut\u00e9\u00a0de Communes\u00a0 \u00a0des\u00a0Pyr\u00e9n\u00e9es\u00a0Haut-Garonnaises, la\u00a0sous-pr\u00e9f\u00e8te\u00a0de\u00a0Saint-Gaudens i el c\u00f2nsol de Fran\u00e7a a Barcelona, entre altres, per a tractar assumptes relacionats amb els diversos projectes de cooperaci\u00f3 transfronterera entre el\u00a0Conselh\u00a0Generau\u00a0d\u2019Aran i la\u00a0Communaut\u00e9\u00a0de\u00a0communes\u00a0Pyr\u00e9n\u00e9es\u00a0Haut\u00a0Garonnaises<\/strong><\/h3>\n<\/li>\n<\/ul>\n<p>Dilluns passat, 25 de novembre, el s\u00edndic d&#8217;Aran, Franc\u00e9s Boya, i la consellera de Coneixement, Angelina Cases, van participar en l&#8217;acte de commemoraci\u00f3 dels 506 anys del tractat de \u00abLies e Patzeries\u00bb en Fos i en la reuni\u00f3 de treball posterior amb el president de la Communaut\u00e9 de communes des Pyr\u00e9n\u00e9es Haut-Garonnaises, Alain Castel, la sous-pr\u00e9f\u00e8te de Saint-Gaudens, Marie-Paule Demiguel, o el c\u00f2nsol de Fran\u00e7a a Barcelona, Cyril Piquemal, entre altres.<\/p>\n<p>Una jornada dedicada a la cooperaci\u00f3 transfronterera, on es van tractar els diversos projectes compartits entre el Conselh Generau d\u2019Aran i la\u00a0 \u00a0la Communaut\u00e9 de communes Pyr\u00e9n\u00e9es Haut Garonnaises.<\/p>\n<p>Entre aquests projectes est\u00e0 el Cam\u00ed de la Llibertat, que posa en valor la hist\u00f2ria dels nostres camins com a part fonamental per a la llibertat de molts jueus i jueves durant l&#8217;Holocaust. En aquests moments, els treballs per al condicionament d&#8217;aquesta ruta estan ja en execuci\u00f3.<\/p>\n<p>Durant aquest estiu, el\u00a0Conselh\u00a0tamb\u00e9 va senyalitzar el cam\u00ed de Sant Jaume Aran-Pirineu al seu pas pel nostre territori i es treballa en el projecte\u00a0RisqHydro\u00a0per a la cura del Garona.<\/p>\n<p>Tots dos territoris comparteixen tota una s\u00e8rie d&#8217;objectius comuns relacionats amb la seguretat en la N-230 i la N-125, que correspon a Fran\u00e7a, la coordinaci\u00f3 de tot all\u00f2 que t\u00e9 a veure amb les urg\u00e8ncies i els incendis i amb el desenvolupament de projectes relacionats amb la sanitat i l&#8217;atenci\u00f3 a l&#8217;envelliment.<\/p>\n<p>A m\u00e9s, volen promocionar tamb\u00e9 diferents intercanvis escolars en mat\u00e8ria de formaci\u00f3 i activitats l\u00fadiques.<\/p>\n<p>Tot aix\u00f2, explica el s\u00edndic d&#8217;Aran, \u201cvolem emmarcar-ho en la creaci\u00f3 d&#8217;una Agrupaci\u00f3 de Cooperaci\u00f3 Territorial Europea (ACTE), i per aix\u00f2 volem signar un conveni marc de col\u00b7laboraci\u00f3 que ens permetr\u00e0 avan\u00e7ar en la constituci\u00f3 d&#8217;aquest organisme de car\u00e0cter europeu i que possibilitar\u00e0, d&#8217;una banda, treballar en tots aquests projectes i, al mateix temps, rebre el suport de la Uni\u00f3 Europea (UE) en aquest \u00e0mbit de car\u00e0cter transfronterer\u201d.<\/p>\n<p>&nbsp;<\/p>\n ","protected":false},"excerpt":{"rendered":"<p>Durant aquesta jornada de va dur a terme tamb\u00e9 una reuni\u00f3 de treball amb el president de la Communaut\u00e9\u00a0de Communes\u00a0 \u00a0des\u00a0Pyr\u00e9n\u00e9es\u00a0Haut-Garonnaises, la\u00a0sous-pr\u00e9f\u00e8te\u00a0de\u00a0Saint-Gaudens i el c\u00f2nsol de Fran\u00e7a a Barcelona, entre altres, per a tractar assumptes relacionats amb els diversos projectes de cooperaci\u00f3 transfronterera entre el\u00a0Conselh\u00a0Generau\u00a0d\u2019Aran i la\u00a0Communaut\u00e9\u00a0de\u00a0communes\u00a0Pyr\u00e9n\u00e9es\u00a0Haut\u00a0Garonnaises Dilluns passat, 25 de novembre, el s\u00edndic d&#8217;Aran,&#8230;<\/p>\n","protected":false},"author":10,"featured_media":31221,"comment_status":"closed","ping_status":"closed","sticky":false,"template":"","format":"standard","meta":{"footnotes":""},"categories":[33],"tags":[],"_links":{"self":[{"href":"https:\/\/www.conselharan.org\/ca\/wp-json\/wp\/v2\/posts\/31224"}],"collection":[{"href":"https:\/\/www.conselharan.org\/ca\/wp-json\/wp\/v2\/posts"}],"about":[{"href":"https:\/\/www.conselharan.org\/ca\/wp-json\/wp\/v2\/types\/post"}],"author":[{"embeddable":true,"href":"https:\/\/www.conselharan.org\/ca\/wp-json\/wp\/v2\/users\/10"}],"replies":[{"embeddable":true,"href":"https:\/\/www.conselharan.org\/ca\/wp-json\/wp\/v2\/comments?post=31224"}],"version-history":[{"count":1,"href":"https:\/\/www.conselharan.org\/ca\/wp-json\/wp\/v2\/posts\/31224\/revisions"}],"predecessor-version":[{"id":31226,"href":"https:\/\/www.conselharan.org\/ca\/wp-json\/wp\/v2\/posts\/31224\/revisions\/31226"}],"wp:featuredmedia":[{"embeddable":true,"href":"https:\/\/www.conselharan.org\/ca\/wp-json\/wp\/v2\/media\/31221"}],"wp:attachment":[{"href":"https:\/\/www.conselharan.org\/ca\/wp-json\/wp\/v2\/media?parent=31224"}],"wp:term":[{"taxonomy":"category","embeddable":true,"href":"https:\/\/www.conselharan.org\/ca\/wp-json\/wp\/v2\/categories?post=31224"},{"taxonomy":"post_tag","embeddable":true,"href":"https:\/\/www.conselharan.org\/ca\/wp-json\/wp\/v2\/tags?post=31224"}],"curies":[{"name":"wp","href":"https:\/\/api.w.org\/{rel}","templated":true}]}}