{"id":31237,"date":"2019-11-29T15:08:14","date_gmt":"2019-11-29T14:08:14","guid":{"rendered":"https:\/\/www.conselharan.org\/eth-conselh-impulse-es-activitats-dirigides-ara-joenessa-mejancant-un-conveni-damb-diuersi-ajuntaments-aranesi\/"},"modified":"2019-11-29T15:10:38","modified_gmt":"2019-11-29T14:10:38","slug":"eth-conselh-impulse-es-activitats-dirigides-ara-joenessa-mejancant-un-conveni-damb-diuersi-ajuntaments-aranesi","status":"publish","type":"post","link":"https:\/\/www.conselharan.org\/ca\/eth-conselh-impulse-es-activitats-dirigides-ara-joenessa-mejancant-un-conveni-damb-diuersi-ajuntaments-aranesi\/","title":{"rendered":"El Conselh impulsa les activitats dirigides als joves mitjan\u00e7ant un conveni amb diversos ajuntaments aranesos"},"content":{"rendered":"<p><a href=\"https:\/\/www.conselharan.org\/wp-content\/uploads\/2019\/11\/photo-1523240795612-9a054b0db644.jpg\"><img loading=\"lazy\" decoding=\"async\" class=\"aligncenter wp-image-31233 size-large\" src=\"https:\/\/www.conselharan.org\/wp-content\/uploads\/2019\/11\/photo-1523240795612-9a054b0db644-1024x683.jpg\" alt=\"\" width=\"1024\" height=\"683\" srcset=\"https:\/\/www.conselharan.org\/wp-content\/uploads\/2019\/11\/photo-1523240795612-9a054b0db644-1024x683.jpg 1024w, https:\/\/www.conselharan.org\/wp-content\/uploads\/2019\/11\/photo-1523240795612-9a054b0db644-300x200.jpg 300w, https:\/\/www.conselharan.org\/wp-content\/uploads\/2019\/11\/photo-1523240795612-9a054b0db644-768x512.jpg 768w, https:\/\/www.conselharan.org\/wp-content\/uploads\/2019\/11\/photo-1523240795612-9a054b0db644.jpg 1350w\" sizes=\"(max-width: 1024px) 100vw, 1024px\" \/><\/a><\/p>\n<ul>\n<li>\n<h3><strong>El\u00a0Conselh\u00a0Generau\u00a0ha aprovat un conveni per a que els ajuntaments de Boss\u00f2st, Les i Naut Aran per establir un mecanisme de finan\u00e7ament d\u2019aquest tipus d\u2019activitats a aquests municipis<\/strong><\/h3>\n<\/li>\n<\/ul>\n<p>El govern del\u00a0Conselh\u00a0Generau\u00a0d\u2019Aran ha aprovat per Consell de Govern el conveni de col\u00b7laboraci\u00f3 amb els ajuntaments de Boss\u00f2st, Les i Naut Aran per a establir un mecanisme de finan\u00e7ament de les activitats per a la joventut que es realitzen en aquests municipis, amb intenci\u00f3 de poder establir aquest mecanisme a la resta de municipis d&#8217;Aran.<\/p>\n<p>El\u00a0Conselh\u00a0Generau, a trav\u00e9s de l&#8217;Oficina de\u00a0Joenessa, impulsa diferents projectes per al desenvolupament de pol\u00edtiques que serveixin per al desenvolupament i creixement dels joves.<\/p>\n<p>Entre els projectes de futur del govern aran\u00e8s en aquest \u00e0mbit, es treballa ja per trobar una soluci\u00f3 a la problem\u00e0tica de l&#8217;habitatge per a poder promoure l&#8217;emancipaci\u00f3 dels joves a l\u2019Aran. Tamb\u00e9 es t\u00e9 molt en compte implantar mesures que permetin retornar el talent dels nostres joves una vegada hagin acabat els seus estudis, aix\u00ed com ajudar-los a emprendre en els seus propis negocis.<\/p>\n ","protected":false},"excerpt":{"rendered":"<p>El\u00a0Conselh\u00a0Generau\u00a0ha aprovat un conveni per a que els ajuntaments de Boss\u00f2st, Les i Naut Aran per establir un mecanisme de finan\u00e7ament d\u2019aquest tipus d\u2019activitats a aquests municipis El govern del\u00a0Conselh\u00a0Generau\u00a0d\u2019Aran ha aprovat per Consell de Govern el conveni de col\u00b7laboraci\u00f3 amb els ajuntaments de Boss\u00f2st, Les i Naut Aran per a establir un mecanisme de&#8230;<\/p>\n","protected":false},"author":10,"featured_media":31234,"comment_status":"closed","ping_status":"closed","sticky":false,"template":"","format":"standard","meta":{"footnotes":""},"categories":[33],"tags":[],"_links":{"self":[{"href":"https:\/\/www.conselharan.org\/ca\/wp-json\/wp\/v2\/posts\/31237"}],"collection":[{"href":"https:\/\/www.conselharan.org\/ca\/wp-json\/wp\/v2\/posts"}],"about":[{"href":"https:\/\/www.conselharan.org\/ca\/wp-json\/wp\/v2\/types\/post"}],"author":[{"embeddable":true,"href":"https:\/\/www.conselharan.org\/ca\/wp-json\/wp\/v2\/users\/10"}],"replies":[{"embeddable":true,"href":"https:\/\/www.conselharan.org\/ca\/wp-json\/wp\/v2\/comments?post=31237"}],"version-history":[{"count":1,"href":"https:\/\/www.conselharan.org\/ca\/wp-json\/wp\/v2\/posts\/31237\/revisions"}],"predecessor-version":[{"id":31240,"href":"https:\/\/www.conselharan.org\/ca\/wp-json\/wp\/v2\/posts\/31237\/revisions\/31240"}],"wp:featuredmedia":[{"embeddable":true,"href":"https:\/\/www.conselharan.org\/ca\/wp-json\/wp\/v2\/media\/31234"}],"wp:attachment":[{"href":"https:\/\/www.conselharan.org\/ca\/wp-json\/wp\/v2\/media?parent=31237"}],"wp:term":[{"taxonomy":"category","embeddable":true,"href":"https:\/\/www.conselharan.org\/ca\/wp-json\/wp\/v2\/categories?post=31237"},{"taxonomy":"post_tag","embeddable":true,"href":"https:\/\/www.conselharan.org\/ca\/wp-json\/wp\/v2\/tags?post=31237"}],"curies":[{"name":"wp","href":"https:\/\/api.w.org\/{rel}","templated":true}]}}