{"id":31279,"date":"2019-12-04T15:19:59","date_gmt":"2019-12-04T14:19:59","guid":{"rendered":"https:\/\/www.conselharan.org\/celebracion-de-santa-barbara-patrona-des-pompiers\/"},"modified":"2019-12-04T15:21:36","modified_gmt":"2019-12-04T14:21:36","slug":"celebracion-de-santa-barbara-patrona-des-pompiers","status":"publish","type":"post","link":"https:\/\/www.conselharan.org\/ca\/celebracion-de-santa-barbara-patrona-des-pompiers\/","title":{"rendered":"Celebraci\u00f3 de Santa B\u00e0rbara, patrona dels Bombers"},"content":{"rendered":"<p><a href=\"https:\/\/www.conselharan.org\/wp-content\/uploads\/2019\/12\/DSC_0304.jpg\"><img loading=\"lazy\" decoding=\"async\" class=\"aligncenter wp-image-31275 size-large\" src=\"https:\/\/www.conselharan.org\/wp-content\/uploads\/2019\/12\/DSC_0304-1024x681.jpg\" alt=\"\" width=\"1024\" height=\"681\" srcset=\"https:\/\/www.conselharan.org\/wp-content\/uploads\/2019\/12\/DSC_0304-1024x681.jpg 1024w, https:\/\/www.conselharan.org\/wp-content\/uploads\/2019\/12\/DSC_0304-300x199.jpg 300w, https:\/\/www.conselharan.org\/wp-content\/uploads\/2019\/12\/DSC_0304-768x511.jpg 768w\" sizes=\"(max-width: 1024px) 100vw, 1024px\" \/><\/a><\/p>\n<ul>\n<li>\n<h3><strong>El govern del\u00a0Conselh\u00a0Generau\u00a0d\u2019Aran ha volgut donar un nou impuls institucional a aquesta festa i ha preparat un conjunt d&#8217;activitats que ja van comen\u00e7ar la setmana passada i han finalitzat avui, amb una jornada commemorativa per a posar en valor el servei a la comunitat que presta el cos de\u00a0Pompi\u00e8rs-Emerg\u00e9ncies\u00a0d\u2019Aran<\/strong><\/h3>\n<\/li>\n<\/ul>\n<p>Avui, 4 de desembre de 2019, s&#8217;ha celebrat la tradicional festa de <strong>Santa B\u00e0rbara<\/strong>, patrona dels Bombers. Per a commemorar aquest dia i, donant un nou impuls institucional a aquesta festa, el govern del <strong>Conselh Generau d\u2019Aran<\/strong> ha preparat un conjunt d&#8217;actes que van comen\u00e7ar el passat 27 de novembre i que han culminat avui, amb la celebraci\u00f3 d&#8217;una jornada destinada a destacar la gran labor dels nostres bombers.<\/p>\n<p>Acompanyant al cos de\u00a0<strong>Pompi\u00e8rs-Emerg\u00e9ncies\u00a0d\u2019Aran<\/strong>, han pres part en aquesta jornada, a m\u00e9s del <strong>govern d&#8217;Aran<\/strong>, el <strong>director general de Prevenci\u00f3, Extinci\u00f3 d&#8217;Incendis i Salvament de la Generalitat<\/strong>, Manel Pardo, la <strong>Delegada del Govern a l&#8217;Alt Pirineu i Aran<\/strong>, Rosa Amor\u00f3s, <strong>la vicepresidenta segona de la Diputaci\u00f3 de Lleida<\/strong>,\u00a0Estefania\u00a0Rufach, i representants dels <strong>Bombers de l&#8217;Estat Franc\u00e8s i Andorra<\/strong>, entre d\u2019altres.<\/p>\n<p>Despr\u00e9s de la tradicional missa a l&#8217;esgl\u00e9sia de Santa Maria de Mijaran, s&#8217;ha projectat el <strong>v\u00eddeo commemoratiu<\/strong> que ha elaborat el\u00a0Conselh\u00a0Generau\u00a0d\u2019Aran per a <strong>donar a con\u00e8ixer i posar en valor el treball diari d&#8217;aquests professionals<\/strong>. A m\u00e9s, durant l&#8217;acte s&#8217;ha procedit al lliurament dels <strong>nomenaments<\/strong> dels <strong>caps d&#8217;equip de\u00a0Pompi\u00e8rs-Emerg\u00e9ncies\u00a0i dels nous bombers voluntaris <\/strong>per part del s\u00edndic d&#8217;Aran, Franc\u00e9s Boya, i del director general de Prevenci\u00f3, Extinci\u00f3 d&#8217;Incendis i Salvament de la Generalitat.<\/p>\n<p>Per finalitzar l&#8217;acte ha pres paraula el s\u00edndic d&#8217;Aran, que ha volgut destacar \u201c<strong>el valor dels pompi\u00e8rs com un exemple de servei a la comunitat que mostra la seva capacitat d&#8217;innovar i d&#8217;adaptar-se als nous temps, mantenint la seva vocaci\u00f3 solid\u00e0ria i de comprom\u00eds amb el pa\u00eds<\/strong>\u201d.<\/p>\n ","protected":false},"excerpt":{"rendered":"<p>El govern del\u00a0Conselh\u00a0Generau\u00a0d\u2019Aran ha volgut donar un nou impuls institucional a aquesta festa i ha preparat un conjunt d&#8217;activitats que ja van comen\u00e7ar la setmana passada i han finalitzat avui, amb una jornada commemorativa per a posar en valor el servei a la comunitat que presta el cos de\u00a0Pompi\u00e8rs-Emerg\u00e9ncies\u00a0d\u2019Aran Avui, 4 de desembre de 2019,&#8230;<\/p>\n","protected":false},"author":10,"featured_media":31276,"comment_status":"closed","ping_status":"closed","sticky":false,"template":"","format":"standard","meta":{"footnotes":""},"categories":[33],"tags":[],"_links":{"self":[{"href":"https:\/\/www.conselharan.org\/ca\/wp-json\/wp\/v2\/posts\/31279"}],"collection":[{"href":"https:\/\/www.conselharan.org\/ca\/wp-json\/wp\/v2\/posts"}],"about":[{"href":"https:\/\/www.conselharan.org\/ca\/wp-json\/wp\/v2\/types\/post"}],"author":[{"embeddable":true,"href":"https:\/\/www.conselharan.org\/ca\/wp-json\/wp\/v2\/users\/10"}],"replies":[{"embeddable":true,"href":"https:\/\/www.conselharan.org\/ca\/wp-json\/wp\/v2\/comments?post=31279"}],"version-history":[{"count":1,"href":"https:\/\/www.conselharan.org\/ca\/wp-json\/wp\/v2\/posts\/31279\/revisions"}],"predecessor-version":[{"id":31281,"href":"https:\/\/www.conselharan.org\/ca\/wp-json\/wp\/v2\/posts\/31279\/revisions\/31281"}],"wp:featuredmedia":[{"embeddable":true,"href":"https:\/\/www.conselharan.org\/ca\/wp-json\/wp\/v2\/media\/31276"}],"wp:attachment":[{"href":"https:\/\/www.conselharan.org\/ca\/wp-json\/wp\/v2\/media?parent=31279"}],"wp:term":[{"taxonomy":"category","embeddable":true,"href":"https:\/\/www.conselharan.org\/ca\/wp-json\/wp\/v2\/categories?post=31279"},{"taxonomy":"post_tag","embeddable":true,"href":"https:\/\/www.conselharan.org\/ca\/wp-json\/wp\/v2\/tags?post=31279"}],"curies":[{"name":"wp","href":"https:\/\/api.w.org\/{rel}","templated":true}]}}