{"id":31342,"date":"2019-12-12T15:11:30","date_gmt":"2019-12-12T14:11:30","guid":{"rendered":"https:\/\/www.conselharan.org\/activitats-dacompanhament-ara-gent-grana-ena-residencia-sant-antoni-de-vielha\/"},"modified":"2019-12-12T15:13:11","modified_gmt":"2019-12-12T14:13:11","slug":"activitats-dacompanhament-ara-gent-grana-ena-residencia-sant-antoni-de-vielha","status":"publish","type":"post","link":"https:\/\/www.conselharan.org\/ca\/activitats-dacompanhament-ara-gent-grana-ena-residencia-sant-antoni-de-vielha\/","title":{"rendered":"Activitats d&#8217;acompanyament a la gent gran en la resid\u00e8ncia Sant Ant\u00f2ni de Vielha"},"content":{"rendered":"<p><a href=\"https:\/\/www.conselharan.org\/wp-content\/uploads\/2019\/12\/Resi-Vielha.jpg\"><img loading=\"lazy\" decoding=\"async\" class=\"aligncenter wp-image-31338 size-full\" src=\"https:\/\/www.conselharan.org\/wp-content\/uploads\/2019\/12\/Resi-Vielha.jpg\" alt=\"\" width=\"701\" height=\"525\" srcset=\"https:\/\/www.conselharan.org\/wp-content\/uploads\/2019\/12\/Resi-Vielha.jpg 701w, https:\/\/www.conselharan.org\/wp-content\/uploads\/2019\/12\/Resi-Vielha-300x225.jpg 300w\" sizes=\"(max-width: 701px) 100vw, 701px\" \/><\/a><\/p>\n<ul>\n<li>\n<h3><strong>A trav\u00e9s d&#8217;un projecte de col\u00b7laboraci\u00f3 impulsat pel Conselh Generau i l&#8217;Institut d&#8217;Aran, els alumnes de 3r de l&#8217;ESO realitzaran diferents activitats, com jocs de taula o grups de conversa durant unes hores a la resid\u00e8ncia\u00a0Sant\u00a0Ant\u00f2ni<\/strong><\/h3>\n<\/li>\n<\/ul>\n<p>Els joves de 3r de l&#8217;ESO de l&#8217;Institut d&#8217;Aran han comen\u00e7at aquesta setmana l&#8217;activitat de prestaci\u00f3 de servei comunitari a la Resid\u00e8ncia de gent gran\u00a0Sant\u00a0Ant\u00f2ni de Vielha.<\/p>\n<p>Aquest projecte de col\u00b7laboraci\u00f3 impulsat pel\u00a0Conselh\u00a0Generau\u00a0d\u2019Aran i l&#8217;Institut d&#8217;Aran t\u00e9 com a principal objectiu fomentar entre l&#8217;alumnat accions de comprom\u00eds c\u00edvic i d&#8217;exercici actiu de la ciutadania.<\/p>\n<p>Gr\u00e0cies a aquest servei, els nois i noies desenvoluparan, en per\u00edodes de 2-3 hores di\u00e0ries, diferents activitats com jocs de taula o grups de conversa a trav\u00e9s d&#8217;un pla de treball elaborat conjuntament entre el centre educatiu i els professionals de la resid\u00e8ncia\u00a0Sant\u00a0Ant\u00f2ni.<\/p>\n<p>\u201cA trav\u00e9s d&#8217;aquesta activitat, que t\u00e9 un marcat esperit comunitari, ajudem tamb\u00e9 a donar a con\u00e8ixer la resid\u00e8ncia i les activitats que desenvolupen, al mateix temps que acostem a la ciutadania per a donar-la a con\u00e8ixer\u201d, manifesta la\u00a0vices\u00edndica\u00a0primera i consellera d&#8217;Igualtat, Salut i Benestar, Maria Verg\u00e9s.<\/p>\n ","protected":false},"excerpt":{"rendered":"<p>A trav\u00e9s d&#8217;un projecte de col\u00b7laboraci\u00f3 impulsat pel Conselh Generau i l&#8217;Institut d&#8217;Aran, els alumnes de 3r de l&#8217;ESO realitzaran diferents activitats, com jocs de taula o grups de conversa durant unes hores a la resid\u00e8ncia\u00a0Sant\u00a0Ant\u00f2ni Els joves de 3r de l&#8217;ESO de l&#8217;Institut d&#8217;Aran han comen\u00e7at aquesta setmana l&#8217;activitat de prestaci\u00f3 de servei comunitari&#8230;<\/p>\n","protected":false},"author":10,"featured_media":31339,"comment_status":"closed","ping_status":"closed","sticky":false,"template":"","format":"standard","meta":{"footnotes":""},"categories":[33],"tags":[],"_links":{"self":[{"href":"https:\/\/www.conselharan.org\/ca\/wp-json\/wp\/v2\/posts\/31342"}],"collection":[{"href":"https:\/\/www.conselharan.org\/ca\/wp-json\/wp\/v2\/posts"}],"about":[{"href":"https:\/\/www.conselharan.org\/ca\/wp-json\/wp\/v2\/types\/post"}],"author":[{"embeddable":true,"href":"https:\/\/www.conselharan.org\/ca\/wp-json\/wp\/v2\/users\/10"}],"replies":[{"embeddable":true,"href":"https:\/\/www.conselharan.org\/ca\/wp-json\/wp\/v2\/comments?post=31342"}],"version-history":[{"count":1,"href":"https:\/\/www.conselharan.org\/ca\/wp-json\/wp\/v2\/posts\/31342\/revisions"}],"predecessor-version":[{"id":31344,"href":"https:\/\/www.conselharan.org\/ca\/wp-json\/wp\/v2\/posts\/31342\/revisions\/31344"}],"wp:featuredmedia":[{"embeddable":true,"href":"https:\/\/www.conselharan.org\/ca\/wp-json\/wp\/v2\/media\/31339"}],"wp:attachment":[{"href":"https:\/\/www.conselharan.org\/ca\/wp-json\/wp\/v2\/media?parent=31342"}],"wp:term":[{"taxonomy":"category","embeddable":true,"href":"https:\/\/www.conselharan.org\/ca\/wp-json\/wp\/v2\/categories?post=31342"},{"taxonomy":"post_tag","embeddable":true,"href":"https:\/\/www.conselharan.org\/ca\/wp-json\/wp\/v2\/tags?post=31342"}],"curies":[{"name":"wp","href":"https:\/\/api.w.org\/{rel}","templated":true}]}}