{"id":31356,"date":"2019-12-13T14:29:25","date_gmt":"2019-12-13T13:29:25","guid":{"rendered":"https:\/\/www.conselharan.org\/eth-govern-deth-conselh-generau-presente-eth-programa-kiva-contra-eth-setge-escolar\/"},"modified":"2019-12-13T14:36:59","modified_gmt":"2019-12-13T13:36:59","slug":"eth-govern-deth-conselh-generau-presente-eth-programa-kiva-contra-eth-setge-escolar","status":"publish","type":"post","link":"https:\/\/www.conselharan.org\/ca\/eth-govern-deth-conselh-generau-presente-eth-programa-kiva-contra-eth-setge-escolar\/","title":{"rendered":"El govern del Conselh Generau presenta el Programa KIVA contra l&#8217;assetjament escolar"},"content":{"rendered":"<p><a href=\"https:\/\/www.conselharan.org\/wp-content\/uploads\/2019\/12\/KIVA.jpeg\"><img loading=\"lazy\" decoding=\"async\" class=\"aligncenter wp-image-31352 size-large\" src=\"https:\/\/www.conselharan.org\/wp-content\/uploads\/2019\/12\/KIVA-1024x768.jpeg\" alt=\"\" width=\"1024\" height=\"768\" srcset=\"https:\/\/www.conselharan.org\/wp-content\/uploads\/2019\/12\/KIVA.jpeg 1024w, https:\/\/www.conselharan.org\/wp-content\/uploads\/2019\/12\/KIVA-300x225.jpeg 300w, https:\/\/www.conselharan.org\/wp-content\/uploads\/2019\/12\/KIVA-768x576.jpeg 768w\" sizes=\"(max-width: 1024px) 100vw, 1024px\" \/><\/a><\/p>\n<ul>\n<li>\n<h3><strong>Aquesta setmana la\u00a0vices\u00edndica\u00a0primera, Maria Verg\u00e9s, i la consellera de Coneixement, Angelina\u00a0Cases, es reunien amb representants dels centres educatius aranesos per a presentar aquest projecte i establir els criteris de la seva implementaci\u00f3<\/strong><\/h3>\n<\/li>\n<\/ul>\n<p>Conselh\u00a0Generau\u00a0d&#8217;Aran presentava ahir el Programa\u00a0KIVA\u00a0contra l&#8217;assetjament escolar, impulsat des del departament d&#8217;Igualtat, Salut i Benestar, a les direccions dels centres educatius d&#8217;Aran i del EAP.<\/p>\n<p>Aquest projecte s&#8217;havia presentat ja en la passada legislatura per\u00f2 va quedar parat i el nou govern del\u00a0Conselh\u00a0Generau\u00a0ha decidit implementar la primera fase per a fer front a la greu problem\u00e0tica de l&#8217;assetjament escolar que, segons dades de\u00a0Save\u00a0the\u00a0Children,\u00a0afecta\u00a01 de cada 10 nens a\u00a0Espa\u00f1a, on un 9,3% dels alumnes ha sofert algun tipus d&#8217;assetjament.<\/p>\n<p>El projecte\u00a0KIVA\u00a0contra l&#8217;assetjament busca treballar no sols amb la v\u00edctima i l&#8217;assetjador, sin\u00f3 que vol fer veure a l&#8217;alumnat en conjunt que tots junts poden canviar aquesta situaci\u00f3. Est\u00e0 provat que els observadors tenen un rol clau per a acabar amb el\u00a0bullying\u00a0i poden decidir ser part de la soluci\u00f3 en lloc d&#8217;ignorar el problema.<\/p>\n<p>El govern d&#8217;Aran est\u00e0 completament comprom\u00e8s amb la lluita contra les problem\u00e0tiques socials que afecten la poblaci\u00f3, com pot ser l&#8217;assetjament o la viol\u00e8ncia de g\u00e8nere, i prova d&#8217;aix\u00f2 \u00e9s el treball que desenvolupa el departament d&#8217;Igualtat, Salut i Benestar per a buscar solucions a aquestes xacres socials.<\/p>\n<p>&#8220;Les dades ens mostren que la Val d&#8217;Aran no \u00e9s aliena a aquesta problem\u00e0tica i que l&#8217;assetjament escolar est\u00e0 present en el nostre territori&#8221; manifesta la vices\u00edndica Maria Verg\u00e9s, que afegeix que: &#8220;amb aquest programa el govern del Conselh Generau pret\u00e9n reduir aquestes dades, sobretot treballant des de la prevenci\u00f3 i la coordinaci\u00f3 amb el mateix departament d&#8217;Ensenyament de la Generalitat&#8221;.<\/p>\n<p>Per a la consellera de Coneixement, Angelina Cases, &#8220;l&#8217;aposta que fa el govern amb aquest assumpte, malgrat no tenir compet\u00e8ncies en l&#8217;\u00e0mbit educatiu, demostra tamb\u00e9 l&#8217;inter\u00e8s que tenim en l&#8217;educaci\u00f3 a Aran&#8221;.<\/p>\n<p>El programa\u00a0KIVA, originat a Finl\u00e0ndia i que ja t\u00e9 uns anys de rodatge amb molt bons resultats, cerca millorar la conviv\u00e8ncia escolar reduint i preveient els casos d&#8217;assetjament, aix\u00ed com minimitzar els seus efectes negatius.<\/p>\n<p>En aquest sentit, despr\u00e9s de la reuni\u00f3 d&#8217;ahir, el govern aran\u00e8s convocar\u00e0 una nova reuni\u00f3 amb els centres educatius despr\u00e9s de les vacances de Nadal perqu\u00e8 puguin valorar la implantaci\u00f3 a les escoles d&#8217;aquest projecte.<\/p>\n ","protected":false},"excerpt":{"rendered":"<p>Aquesta setmana la\u00a0vices\u00edndica\u00a0primera, Maria Verg\u00e9s, i la consellera de Coneixement, Angelina\u00a0Cases, es reunien amb representants dels centres educatius aranesos per a presentar aquest projecte i establir els criteris de la seva implementaci\u00f3 Conselh\u00a0Generau\u00a0d&#8217;Aran presentava ahir el Programa\u00a0KIVA\u00a0contra l&#8217;assetjament escolar, impulsat des del departament d&#8217;Igualtat, Salut i Benestar, a les direccions dels centres educatius d&#8217;Aran i&#8230;<\/p>\n","protected":false},"author":10,"featured_media":31353,"comment_status":"closed","ping_status":"closed","sticky":false,"template":"","format":"standard","meta":{"footnotes":""},"categories":[53],"tags":[],"_links":{"self":[{"href":"https:\/\/www.conselharan.org\/ca\/wp-json\/wp\/v2\/posts\/31356"}],"collection":[{"href":"https:\/\/www.conselharan.org\/ca\/wp-json\/wp\/v2\/posts"}],"about":[{"href":"https:\/\/www.conselharan.org\/ca\/wp-json\/wp\/v2\/types\/post"}],"author":[{"embeddable":true,"href":"https:\/\/www.conselharan.org\/ca\/wp-json\/wp\/v2\/users\/10"}],"replies":[{"embeddable":true,"href":"https:\/\/www.conselharan.org\/ca\/wp-json\/wp\/v2\/comments?post=31356"}],"version-history":[{"count":2,"href":"https:\/\/www.conselharan.org\/ca\/wp-json\/wp\/v2\/posts\/31356\/revisions"}],"predecessor-version":[{"id":31359,"href":"https:\/\/www.conselharan.org\/ca\/wp-json\/wp\/v2\/posts\/31356\/revisions\/31359"}],"wp:featuredmedia":[{"embeddable":true,"href":"https:\/\/www.conselharan.org\/ca\/wp-json\/wp\/v2\/media\/31353"}],"wp:attachment":[{"href":"https:\/\/www.conselharan.org\/ca\/wp-json\/wp\/v2\/media?parent=31356"}],"wp:term":[{"taxonomy":"category","embeddable":true,"href":"https:\/\/www.conselharan.org\/ca\/wp-json\/wp\/v2\/categories?post=31356"},{"taxonomy":"post_tag","embeddable":true,"href":"https:\/\/www.conselharan.org\/ca\/wp-json\/wp\/v2\/tags?post=31356"}],"curies":[{"name":"wp","href":"https:\/\/api.w.org\/{rel}","templated":true}]}}