{"id":31403,"date":"2019-12-19T19:48:52","date_gmt":"2019-12-19T18:48:52","guid":{"rendered":"https:\/\/www.conselharan.org\/increment-en-conveni-entre-eth-conselh-generau-e-era-diputacio-de-lleida-entara-assistencia-tecnica-as-municipis-aranesi\/"},"modified":"2019-12-19T19:54:33","modified_gmt":"2019-12-19T18:54:33","slug":"increment-en-conveni-entre-eth-conselh-generau-e-era-diputacio-de-lleida-entara-assistencia-tecnica-as-municipis-aranesi","status":"publish","type":"post","link":"https:\/\/www.conselharan.org\/ca\/increment-en-conveni-entre-eth-conselh-generau-e-era-diputacio-de-lleida-entara-assistencia-tecnica-as-municipis-aranesi\/","title":{"rendered":"Increment en el conveni entre el Conselh Generau i la Diputaci\u00f3 de Lleida per a l&#8217;assist\u00e8ncia t\u00e8cnica als municipis aranesos"},"content":{"rendered":"<p><a href=\"https:\/\/www.conselharan.org\/wp-content\/uploads\/2019\/12\/Oc0zy5Tg.jpeg\"><img loading=\"lazy\" decoding=\"async\" class=\"aligncenter wp-image-31396 size-large\" src=\"https:\/\/www.conselharan.org\/wp-content\/uploads\/2019\/12\/Oc0zy5Tg-1024x683.jpeg\" alt=\"\" width=\"1024\" height=\"683\" srcset=\"https:\/\/www.conselharan.org\/wp-content\/uploads\/2019\/12\/Oc0zy5Tg-1024x683.jpeg 1024w, https:\/\/www.conselharan.org\/wp-content\/uploads\/2019\/12\/Oc0zy5Tg-300x200.jpeg 300w, https:\/\/www.conselharan.org\/wp-content\/uploads\/2019\/12\/Oc0zy5Tg-768x512.jpeg 768w, https:\/\/www.conselharan.org\/wp-content\/uploads\/2019\/12\/Oc0zy5Tg.jpeg 2048w\" sizes=\"(max-width: 1024px) 100vw, 1024px\" \/><\/a><\/p>\n<ul>\n<li>\n<h3><strong>Mitjan\u00e7ant aquest conveni, la Diputaci\u00f3 de Lleida presta assist\u00e8ncia i cooperaci\u00f3 jur\u00eddica, econ\u00f2mica i t\u00e8cnica als municipis d&#8217;Aran i, en el cas dels municipis de menys de 1.000 habitants, es garanteix la prestaci\u00f3 de serveis de secretaria i intervenci\u00f3<\/strong><\/h3>\n<\/li>\n<\/ul>\n<p>El\u00a0Conselh\u00a0Generau\u00a0d\u2019Aran i la Diputaci\u00f3 de Lleida han renovat, un any m\u00e9s, el conveni de cooperaci\u00f3 i assist\u00e8ncia t\u00e8cnica als municipis del Vall d&#8217;Aran.<\/p>\n<p>Aquest any, com a novetat, s&#8217;ha realitzat un increment en la dotaci\u00f3 d&#8217;aquest acord i s&#8217;ha establert una subvenci\u00f3 de 160.000 euros per al servei de cooperaci\u00f3 i assist\u00e8ncia i una altra de 40.000 euros que correspon a una pla\u00e7a de Secretari-Interventor del\u00a0SAT.<\/p>\n<p>Mitjan\u00e7ant aquest conveni, la Diputaci\u00f3 de Lleida presta assist\u00e8ncia i cooperaci\u00f3 jur\u00eddica, econ\u00f2mica i t\u00e8cnica als municipis d&#8217;Aran, especialment als de menys capacitat econ\u00f2mica i de gesti\u00f3. I, en el cas dels municipis de menys de 1.000 habitants, es garanteix la prestaci\u00f3 dels serveis de secretaria i intervenci\u00f3.<\/p>\n<p><a href=\"https:\/\/www.conselharan.org\/wp-content\/uploads\/2019\/12\/180702_DipuConselh.jpg\"><img loading=\"lazy\" decoding=\"async\" class=\"aligncenter wp-image-31400 size-large\" src=\"https:\/\/www.conselharan.org\/wp-content\/uploads\/2019\/12\/180702_DipuConselh-1024x538.jpg\" alt=\"\" width=\"1024\" height=\"538\" srcset=\"https:\/\/www.conselharan.org\/wp-content\/uploads\/2019\/12\/180702_DipuConselh-1024x538.jpg 1024w, https:\/\/www.conselharan.org\/wp-content\/uploads\/2019\/12\/180702_DipuConselh-300x158.jpg 300w, https:\/\/www.conselharan.org\/wp-content\/uploads\/2019\/12\/180702_DipuConselh-768x403.jpg 768w\" sizes=\"(max-width: 1024px) 100vw, 1024px\" \/><\/a><\/p>\n ","protected":false},"excerpt":{"rendered":"<p>Mitjan\u00e7ant aquest conveni, la Diputaci\u00f3 de Lleida presta assist\u00e8ncia i cooperaci\u00f3 jur\u00eddica, econ\u00f2mica i t\u00e8cnica als municipis d&#8217;Aran i, en el cas dels municipis de menys de 1.000 habitants, es garanteix la prestaci\u00f3 de serveis de secretaria i intervenci\u00f3 El\u00a0Conselh\u00a0Generau\u00a0d\u2019Aran i la Diputaci\u00f3 de Lleida han renovat, un any m\u00e9s, el conveni de cooperaci\u00f3 i&#8230;<\/p>\n","protected":false},"author":10,"featured_media":31397,"comment_status":"closed","ping_status":"closed","sticky":false,"template":"","format":"standard","meta":{"footnotes":""},"categories":[33],"tags":[],"_links":{"self":[{"href":"https:\/\/www.conselharan.org\/ca\/wp-json\/wp\/v2\/posts\/31403"}],"collection":[{"href":"https:\/\/www.conselharan.org\/ca\/wp-json\/wp\/v2\/posts"}],"about":[{"href":"https:\/\/www.conselharan.org\/ca\/wp-json\/wp\/v2\/types\/post"}],"author":[{"embeddable":true,"href":"https:\/\/www.conselharan.org\/ca\/wp-json\/wp\/v2\/users\/10"}],"replies":[{"embeddable":true,"href":"https:\/\/www.conselharan.org\/ca\/wp-json\/wp\/v2\/comments?post=31403"}],"version-history":[{"count":2,"href":"https:\/\/www.conselharan.org\/ca\/wp-json\/wp\/v2\/posts\/31403\/revisions"}],"predecessor-version":[{"id":31406,"href":"https:\/\/www.conselharan.org\/ca\/wp-json\/wp\/v2\/posts\/31403\/revisions\/31406"}],"wp:featuredmedia":[{"embeddable":true,"href":"https:\/\/www.conselharan.org\/ca\/wp-json\/wp\/v2\/media\/31397"}],"wp:attachment":[{"href":"https:\/\/www.conselharan.org\/ca\/wp-json\/wp\/v2\/media?parent=31403"}],"wp:term":[{"taxonomy":"category","embeddable":true,"href":"https:\/\/www.conselharan.org\/ca\/wp-json\/wp\/v2\/categories?post=31403"},{"taxonomy":"post_tag","embeddable":true,"href":"https:\/\/www.conselharan.org\/ca\/wp-json\/wp\/v2\/tags?post=31403"}],"curies":[{"name":"wp","href":"https:\/\/api.w.org\/{rel}","templated":true}]}}