{"id":31427,"date":"2019-12-20T20:34:15","date_gmt":"2019-12-20T19:34:15","guid":{"rendered":"https:\/\/www.conselharan.org\/eth-conselh-generau-daran-e-era-rfedi-renauissen-eth-son-conveni-de-suport-as-programes-deth-cetei\/"},"modified":"2019-12-20T20:35:24","modified_gmt":"2019-12-20T19:35:24","slug":"eth-conselh-generau-daran-e-era-rfedi-renauissen-eth-son-conveni-de-suport-as-programes-deth-cetei","status":"publish","type":"post","link":"https:\/\/www.conselharan.org\/ca\/eth-conselh-generau-daran-e-era-rfedi-renauissen-eth-son-conveni-de-suport-as-programes-deth-cetei\/","title":{"rendered":"El Conselh Generau d\u2019Aran i la RFEDI renoven el seu conveni de suport als programes del CETEI"},"content":{"rendered":"<p><a href=\"https:\/\/www.conselharan.org\/wp-content\/uploads\/2019\/12\/Signatura-CETEI-2.jpeg\"><img loading=\"lazy\" decoding=\"async\" class=\"aligncenter wp-image-31423 size-large\" src=\"https:\/\/www.conselharan.org\/wp-content\/uploads\/2019\/12\/Signatura-CETEI-2-1024x768.jpeg\" alt=\"\" width=\"1024\" height=\"768\" srcset=\"https:\/\/www.conselharan.org\/wp-content\/uploads\/2019\/12\/Signatura-CETEI-2-1024x768.jpeg 1024w, https:\/\/www.conselharan.org\/wp-content\/uploads\/2019\/12\/Signatura-CETEI-2-300x225.jpeg 300w, https:\/\/www.conselharan.org\/wp-content\/uploads\/2019\/12\/Signatura-CETEI-2-768x576.jpeg 768w, https:\/\/www.conselharan.org\/wp-content\/uploads\/2019\/12\/Signatura-CETEI-2.jpeg 2048w\" sizes=\"(max-width: 1024px) 100vw, 1024px\" \/><\/a><\/p>\n<ul>\n<li>\n<h3><strong>El s\u00edndic d&#8217;Aran ha mostrat la seva satisfacci\u00f3 per la signatura d&#8217;aquest conveni i ha destacat que: \u201cla col\u00b7laboraci\u00f3 amb les federacions \u00e9s vital per al nostre centre de tecnificaci\u00f3\u201d<\/strong><\/h3>\n<\/li>\n<li>\n<h3><strong>En aquest acte, presidit pel s\u00edndic d&#8217;Aran, Franc\u00e9s Boya, han participat el aran\u00e8s i president de la RFEDI, May Peus, el president de la FCEH, Oscar Cruz, i l&#8217;esquiadora Pat Miquel<\/strong><\/h3>\n<\/li>\n<\/ul>\n<p>El Conselh Generau d\u2019Aran i la Real Federaci\u00f3 d&#8217;Esports d&#8217;Hivern (RFEDI) han renovat aquesta tarda el conveni per a donar continu\u00eftat als programes del Centre de Tecnificaci\u00f3 d&#8217;Esports d&#8217;Hivern (CETEI) de la Val d&#8217;Aran fins a 2022.<\/p>\n<p>Amb aquest conveni es renova i consolida tamb\u00e9 el reconeixement del Consell Superior d&#8217;Esports (CSD) al CETEI com a centre de tecnificaci\u00f3 d\u2019esports d&#8217;hivern a nivell nacional fins a l&#8217;any 2022.<\/p>\n<p>Durant aquest acte, presidit pel s\u00edndic d&#8217;Aran, Franc\u00e9s Boya, i que ha comptat amb la participaci\u00f3 de l\u2019aran\u00e8s i president de la RFEDI, May Peus, el president de la Federaci\u00f3 Catalana d&#8217;Esports d&#8217;Hivern (FCEH), Oscar Cruz, i l&#8217;esquiadora Pat Miquel, s&#8217;ha fet una breu an\u00e0lisi de la situaci\u00f3 dels esports d&#8217;hivern i tot el que comporten per a un territori com la Val d&#8217;Aran.<\/p>\n<p>Durant la seva pon\u00e8ncia, el president de la RFEDI ha mostrat el seu orgull de poder col\u00b7laborar amb el Conselh Generau d\u2019Aran per a fer els esports d&#8217;hivern \u201cm\u00e9s atractius i pr\u00f2xims a tota la societat i aix\u00ed atreure un major nombre de persones a la seva pr\u00e0ctica\u201d.<\/p>\n<p>Per part seva, el s\u00edndic d&#8217;Aran ha manifestat la seva satisfacci\u00f3 per la signatura d&#8217;aquest conveni i ha destacat que \u201cla col\u00b7laboraci\u00f3 amb les federacions \u00e9s vital per al nostre centre de tecnificaci\u00f3\u201d. I ha afegit que \u201cl&#8217;ambici\u00f3 de la Val d&#8217;Aran \u00e9s ser un referent en la pr\u00e0ctica de l&#8217;esport i sobretot de l&#8217;esport de competici\u00f3\u201d.<\/p>\n<p>&nbsp;<\/p>\n ","protected":false},"excerpt":{"rendered":"<p>El s\u00edndic d&#8217;Aran ha mostrat la seva satisfacci\u00f3 per la signatura d&#8217;aquest conveni i ha destacat que: \u201cla col\u00b7laboraci\u00f3 amb les federacions \u00e9s vital per al nostre centre de tecnificaci\u00f3\u201d En aquest acte, presidit pel s\u00edndic d&#8217;Aran, Franc\u00e9s Boya, han participat el aran\u00e8s i president de la RFEDI, May Peus, el president de la FCEH,&#8230;<\/p>\n","protected":false},"author":10,"featured_media":31424,"comment_status":"closed","ping_status":"closed","sticky":false,"template":"","format":"standard","meta":{"footnotes":""},"categories":[136],"tags":[],"_links":{"self":[{"href":"https:\/\/www.conselharan.org\/ca\/wp-json\/wp\/v2\/posts\/31427"}],"collection":[{"href":"https:\/\/www.conselharan.org\/ca\/wp-json\/wp\/v2\/posts"}],"about":[{"href":"https:\/\/www.conselharan.org\/ca\/wp-json\/wp\/v2\/types\/post"}],"author":[{"embeddable":true,"href":"https:\/\/www.conselharan.org\/ca\/wp-json\/wp\/v2\/users\/10"}],"replies":[{"embeddable":true,"href":"https:\/\/www.conselharan.org\/ca\/wp-json\/wp\/v2\/comments?post=31427"}],"version-history":[{"count":1,"href":"https:\/\/www.conselharan.org\/ca\/wp-json\/wp\/v2\/posts\/31427\/revisions"}],"predecessor-version":[{"id":31429,"href":"https:\/\/www.conselharan.org\/ca\/wp-json\/wp\/v2\/posts\/31427\/revisions\/31429"}],"wp:featuredmedia":[{"embeddable":true,"href":"https:\/\/www.conselharan.org\/ca\/wp-json\/wp\/v2\/media\/31424"}],"wp:attachment":[{"href":"https:\/\/www.conselharan.org\/ca\/wp-json\/wp\/v2\/media?parent=31427"}],"wp:term":[{"taxonomy":"category","embeddable":true,"href":"https:\/\/www.conselharan.org\/ca\/wp-json\/wp\/v2\/categories?post=31427"},{"taxonomy":"post_tag","embeddable":true,"href":"https:\/\/www.conselharan.org\/ca\/wp-json\/wp\/v2\/tags?post=31427"}],"curies":[{"name":"wp","href":"https:\/\/api.w.org\/{rel}","templated":true}]}}