{"id":31476,"date":"2019-12-24T12:16:00","date_gmt":"2019-12-24T11:16:00","guid":{"rendered":"https:\/\/www.conselharan.org\/eth-grm-inicie-era-formacion-deth-protocol-dipotermia-e-atencion-a-victimes-de-lauegi\/"},"modified":"2019-12-24T12:17:12","modified_gmt":"2019-12-24T11:17:12","slug":"eth-grm-inicie-era-formacion-deth-protocol-dipotermia-e-atencion-a-victimes-de-lauegi","status":"publish","type":"post","link":"https:\/\/www.conselharan.org\/ca\/eth-grm-inicie-era-formacion-deth-protocol-dipotermia-e-atencion-a-victimes-de-lauegi\/","title":{"rendered":"El GRM inicia la formaci\u00f3 del protocol d&#8217;hipot\u00e8rmia i atenci\u00f3 a les v\u00edctimes d&#8217;allaus"},"content":{"rendered":"<p><a href=\"https:\/\/www.conselharan.org\/wp-content\/uploads\/2019\/12\/GRM-Protoc\u00f2l-4.jpg\"><img loading=\"lazy\" decoding=\"async\" class=\"aligncenter wp-image-31472 size-large\" src=\"https:\/\/www.conselharan.org\/wp-content\/uploads\/2019\/12\/GRM-Protoc\u00f2l-4-1024x768.jpg\" alt=\"\" width=\"1024\" height=\"768\" srcset=\"https:\/\/www.conselharan.org\/wp-content\/uploads\/2019\/12\/GRM-Protoc\u00f2l-4-1024x768.jpg 1024w, https:\/\/www.conselharan.org\/wp-content\/uploads\/2019\/12\/GRM-Protoc\u00f2l-4-300x225.jpg 300w, https:\/\/www.conselharan.org\/wp-content\/uploads\/2019\/12\/GRM-Protoc\u00f2l-4-768x576.jpg 768w, https:\/\/www.conselharan.org\/wp-content\/uploads\/2019\/12\/GRM-Protoc\u00f2l-4.jpg 2048w\" sizes=\"(max-width: 1024px) 100vw, 1024px\" \/><\/a><\/p>\n<ul>\n<li>\n<h3><strong>Aquest protocol ha estat creat per un grup de treball integrat per personal del Grup de Rescat de Muntanya (GRM)\u00a0de Bombers-Emerg\u00e8ncies d&#8217;Aran i del Servei Aran\u00e8s de Benestar i Salut (SABS), i va ser presentat de manera oficial la passada primavera despr\u00e9s de dos anys de treball<\/strong><\/h3>\n<\/li>\n<\/ul>\n<p>El Grup de Rescat de Muntanya (GRM) de Bombers-Emerg\u00e8ncies d&#8217;Aran ha comen\u00e7at ja aquest hivern amb la formaci\u00f3 del protocol d&#8217;hipot\u00e8rmia i tractament de v\u00edctimes d&#8217;allaus a diferents entitats i col\u00b7lectius relacionats amb la muntanya.<\/p>\n<p>Fa dos anys que es va crear un grup de treball amb personal del GRM i del Servei Aran\u00e8s de Benestar i Salut (SABS) per a aprovar aquest protocol, presentat de manera oficial la passada primavera i que aquest hivern ja s&#8217;ha comen\u00e7at a posar en pr\u00e0ctica.<\/p>\n<p>Aquesta formaci\u00f3 ha estat impartida a tots els integrants del GRM de Bombers-Emerg\u00e8ncies d&#8217;Aran, l&#8217;Associaci\u00f3 de Guies de la Val d&#8217;Aran i a la UIM dels Mossos d&#8217;Esquadra, i continuar\u00e0 amb el personal sanitari del SABS, els guardes dels refugis, pisters de l&#8217;estaci\u00f3 d&#8217;esqu\u00ed Baqueira-Beret o els Grups de Rescat Especial d&#8217;Intervenci\u00f3 en Muntanya (GREIM) de la Gu\u00e0rdia Civil, entre altres.<\/p>\n ","protected":false},"excerpt":{"rendered":"<p>Aquest protocol ha estat creat per un grup de treball integrat per personal del Grup de Rescat de Muntanya (GRM)\u00a0de Bombers-Emerg\u00e8ncies d&#8217;Aran i del Servei Aran\u00e8s de Benestar i Salut (SABS), i va ser presentat de manera oficial la passada primavera despr\u00e9s de dos anys de treball El Grup de Rescat de Muntanya (GRM) de&#8230;<\/p>\n","protected":false},"author":10,"featured_media":31473,"comment_status":"closed","ping_status":"closed","sticky":false,"template":"","format":"standard","meta":{"footnotes":""},"categories":[33,146],"tags":[741],"_links":{"self":[{"href":"https:\/\/www.conselharan.org\/ca\/wp-json\/wp\/v2\/posts\/31476"}],"collection":[{"href":"https:\/\/www.conselharan.org\/ca\/wp-json\/wp\/v2\/posts"}],"about":[{"href":"https:\/\/www.conselharan.org\/ca\/wp-json\/wp\/v2\/types\/post"}],"author":[{"embeddable":true,"href":"https:\/\/www.conselharan.org\/ca\/wp-json\/wp\/v2\/users\/10"}],"replies":[{"embeddable":true,"href":"https:\/\/www.conselharan.org\/ca\/wp-json\/wp\/v2\/comments?post=31476"}],"version-history":[{"count":1,"href":"https:\/\/www.conselharan.org\/ca\/wp-json\/wp\/v2\/posts\/31476\/revisions"}],"predecessor-version":[{"id":31478,"href":"https:\/\/www.conselharan.org\/ca\/wp-json\/wp\/v2\/posts\/31476\/revisions\/31478"}],"wp:featuredmedia":[{"embeddable":true,"href":"https:\/\/www.conselharan.org\/ca\/wp-json\/wp\/v2\/media\/31473"}],"wp:attachment":[{"href":"https:\/\/www.conselharan.org\/ca\/wp-json\/wp\/v2\/media?parent=31476"}],"wp:term":[{"taxonomy":"category","embeddable":true,"href":"https:\/\/www.conselharan.org\/ca\/wp-json\/wp\/v2\/categories?post=31476"},{"taxonomy":"post_tag","embeddable":true,"href":"https:\/\/www.conselharan.org\/ca\/wp-json\/wp\/v2\/tags?post=31476"}],"curies":[{"name":"wp","href":"https:\/\/api.w.org\/{rel}","templated":true}]}}