{"id":31598,"date":"2020-01-10T15:24:16","date_gmt":"2020-01-10T14:24:16","guid":{"rendered":"https:\/\/www.conselharan.org\/eth-conselh-generau-daran-participe-en-programa-trabalh-e-formacion-deth-soc\/"},"modified":"2020-01-10T15:25:09","modified_gmt":"2020-01-10T14:25:09","slug":"eth-conselh-generau-daran-participe-en-programa-trabalh-e-formacion-deth-soc","status":"publish","type":"post","link":"https:\/\/www.conselharan.org\/ca\/eth-conselh-generau-daran-participe-en-programa-trabalh-e-formacion-deth-soc\/","title":{"rendered":"El Conselh Generau d\u2019Aran participa al programa Treball i Formaci\u00f3 del SOC"},"content":{"rendered":"<p><a href=\"https:\/\/www.conselharan.org\/wp-content\/uploads\/2020\/01\/Trabalh-e-formacion-2.jpeg\"><img loading=\"lazy\" decoding=\"async\" class=\"aligncenter wp-image-31594 size-large\" src=\"https:\/\/www.conselharan.org\/wp-content\/uploads\/2020\/01\/Trabalh-e-formacion-2-1024x768.jpeg\" alt=\"\" width=\"1024\" height=\"768\" srcset=\"https:\/\/www.conselharan.org\/wp-content\/uploads\/2020\/01\/Trabalh-e-formacion-2.jpeg 1024w, https:\/\/www.conselharan.org\/wp-content\/uploads\/2020\/01\/Trabalh-e-formacion-2-300x225.jpeg 300w, https:\/\/www.conselharan.org\/wp-content\/uploads\/2020\/01\/Trabalh-e-formacion-2-768x576.jpeg 768w\" sizes=\"(max-width: 1024px) 100vw, 1024px\" \/><\/a><\/p>\n<p>&nbsp;<\/p>\n<ul>\n<li>\n<h3><strong>Gr\u00e0cies a aquest programa, el Conselh ha contractat sis persones en situaci\u00f3 d&#8217;atur i amb dificultats per a trobar treball<\/strong><\/h3>\n<\/li>\n<\/ul>\n<p>El Conselh Generau d\u2019Aran, gr\u00e0cies al programa Treball i Formaci\u00f3 del Servei P\u00fablic d&#8217;Ocupaci\u00f3 de Catalunya (SOC), ha contractat de manera temporal sis persones en situaci\u00f3 d&#8217;atur i amb dificultats per a trobar treball.<\/p>\n<p>Dins d&#8217;aquest programa s&#8217;han contractat persones en risc de caure en situaci\u00f3 d&#8217;atur de llarga durada i no perceptores de cap prestaci\u00f3, i que s&#8217;han incorporat a diferents departaments com turisme, serveis socials, arxiu o brigada, entre altres. Segons el seu tipus de contracte, aquestes persones realitzaran diferents accions durant 6 o 12 mesos dins l\u2019administraci\u00f3.<\/p>\n<p>Aquests contractes estan subjectes a unes accions de formaci\u00f3 que s&#8217;han de realitzar de manera obligat\u00f2ria. En el total, aquestes persones realitzaran 30 hores de formaci\u00f3 en inform\u00e0tica i 30 m\u00e9s en comunicaci\u00f3.<\/p>\n ","protected":false},"excerpt":{"rendered":"<p>&nbsp; Gr\u00e0cies a aquest programa, el Conselh ha contractat sis persones en situaci\u00f3 d&#8217;atur i amb dificultats per a trobar treball El Conselh Generau d\u2019Aran, gr\u00e0cies al programa Treball i Formaci\u00f3 del Servei P\u00fablic d&#8217;Ocupaci\u00f3 de Catalunya (SOC), ha contractat de manera temporal sis persones en situaci\u00f3 d&#8217;atur i amb dificultats per a trobar treball&#8230;.<\/p>\n","protected":false},"author":10,"featured_media":31595,"comment_status":"closed","ping_status":"closed","sticky":false,"template":"","format":"standard","meta":{"footnotes":""},"categories":[33],"tags":[],"_links":{"self":[{"href":"https:\/\/www.conselharan.org\/ca\/wp-json\/wp\/v2\/posts\/31598"}],"collection":[{"href":"https:\/\/www.conselharan.org\/ca\/wp-json\/wp\/v2\/posts"}],"about":[{"href":"https:\/\/www.conselharan.org\/ca\/wp-json\/wp\/v2\/types\/post"}],"author":[{"embeddable":true,"href":"https:\/\/www.conselharan.org\/ca\/wp-json\/wp\/v2\/users\/10"}],"replies":[{"embeddable":true,"href":"https:\/\/www.conselharan.org\/ca\/wp-json\/wp\/v2\/comments?post=31598"}],"version-history":[{"count":1,"href":"https:\/\/www.conselharan.org\/ca\/wp-json\/wp\/v2\/posts\/31598\/revisions"}],"predecessor-version":[{"id":31600,"href":"https:\/\/www.conselharan.org\/ca\/wp-json\/wp\/v2\/posts\/31598\/revisions\/31600"}],"wp:featuredmedia":[{"embeddable":true,"href":"https:\/\/www.conselharan.org\/ca\/wp-json\/wp\/v2\/media\/31595"}],"wp:attachment":[{"href":"https:\/\/www.conselharan.org\/ca\/wp-json\/wp\/v2\/media?parent=31598"}],"wp:term":[{"taxonomy":"category","embeddable":true,"href":"https:\/\/www.conselharan.org\/ca\/wp-json\/wp\/v2\/categories?post=31598"},{"taxonomy":"post_tag","embeddable":true,"href":"https:\/\/www.conselharan.org\/ca\/wp-json\/wp\/v2\/tags?post=31598"}],"curies":[{"name":"wp","href":"https:\/\/api.w.org\/{rel}","templated":true}]}}