{"id":31782,"date":"2020-01-27T20:36:12","date_gmt":"2020-01-27T19:36:12","guid":{"rendered":"https:\/\/www.conselharan.org\/?p=31782"},"modified":"2020-01-27T20:36:12","modified_gmt":"2020-01-27T19:36:12","slug":"aran-tindra-un-espai-de-comunicacio-propi-en-aranes-impulsat-per-la-ccma","status":"publish","type":"post","link":"https:\/\/www.conselharan.org\/ca\/aran-tindra-un-espai-de-comunicacio-propi-en-aranes-impulsat-per-la-ccma\/","title":{"rendered":"Aran tindr\u00e0 un espai de comunicaci\u00f3 propi en aran\u00e8s impulsat per la CCMA"},"content":{"rendered":"<p><a href=\"https:\/\/www.conselharan.org\/wp-content\/uploads\/2020\/01\/DSC_0372.png\"><img loading=\"lazy\" decoding=\"async\" class=\"aligncenter wp-image-31789 size-large\" src=\"https:\/\/www.conselharan.org\/wp-content\/uploads\/2020\/01\/DSC_0372-1024x681.png\" alt=\"\" width=\"1024\" height=\"681\" srcset=\"https:\/\/www.conselharan.org\/wp-content\/uploads\/2020\/01\/DSC_0372-1024x681.png 1024w, https:\/\/www.conselharan.org\/wp-content\/uploads\/2020\/01\/DSC_0372-300x199.png 300w, https:\/\/www.conselharan.org\/wp-content\/uploads\/2020\/01\/DSC_0372-768x511.png 768w\" sizes=\"(max-width: 1024px) 100vw, 1024px\" \/><\/a><\/p>\n<ul>\n<li>\n<h3><strong>El s\u00edndic d\u2019Aran, Franc\u00e9s Boya, ha presentat avui la confer\u00e8ncia de la vicepresidenta de la Corporaci\u00f3 \u201cPer la construcci\u00f3 de l\u2019espai de comunicaci\u00f3 aran\u00e8s\u201d, en la que N\u00faria Llorach ha anunciat la seva voluntat d\u2019impulsar l\u2019aran\u00e8s i fomentar un espai de comunicaci\u00f3 propi a l\u2019Aran<\/strong><\/h3>\n<\/li>\n<\/ul>\n<p>El Conselh Generau d\u2019Aran ha acollit aquesta tarda la confer\u00e8ncia \u201cPer la construcci\u00f3 de l\u2019espai de comunicaci\u00f3 aran\u00e8s\u201d, presentada pel s\u00edndic d\u2019Aran, Franc\u00e9s Boya, i impartida per la vicepresidenta i presidenta en funcions de la Corporaci\u00f3 Catalana de Mitjans Audiovisuals (CCMA), N\u00faria Llorach.<\/p>\n<p>Durant la seva intervenci\u00f3, Llorach ha anunciat que la Corporaci\u00f3 Catalana de Mitjans Audiovisuals s\u2019ha fixat com a objectiu per als anys vinents col\u00b7laborar amb el Conselh Generau d\u2019Aran per contribuir en l\u2019est\u00edmul de l\u2019\u00fas social de l\u2019aran\u00e8s.<\/p>\n<p>\u201cVolem contribuir i col\u00b7laborar per una llengua viva i de prestigi i treballar per un sector audiovisual que aposti tamb\u00e9 per l\u2019entreteniment i per la programaci\u00f3 infantil. Pretenem que l\u2019aran\u00e8s millori la seva presencia a internet. I volem, en definitiva, contribuir que, a la Val d\u2019Aran, es pugui viure plenament en aran\u00e8s\u201d, ha afirmat la vicepresidenta.<\/p>\n<p>L\u2019objectiu del Conselh Generau d\u2019Aran i la Corporaci\u00f3 Catalana de Mitjans Audiovisuals \u00e9s incrementar el volum de material audiovisual en aran\u00e8s, no nom\u00e9s de productes informatius, sin\u00f3 tamb\u00e9 de programaci\u00f3 d\u2019entreteniment i animaci\u00f3 per la mainada, productes que ara no s\u2019ofereixen en aran\u00e8s. Per crear un espai de comunicaci\u00f3 propi del territori, s\u2019ha explicat en aquesta confer\u00e8ncia, \u00e9s necessari fomentar el sector audiovisual a la Val d\u2019Aran, promovent projectes fets i pensats en aran\u00e8s.<\/p>\n<p>Finalment, Llorach ha destacat que la Corporaci\u00f3 ja ha incorporat l\u2019aran\u00e8s i les obligacions que se\u2019n deriven per a TV3 i Catalunya R\u00e0dio al contracte programa \u201cper tal que puguin rebre l\u2019aportaci\u00f3 pressupostaria que se\u2019n derivi, que \u00e9s imprescindible\u201d.<\/p>\n<p>El s\u00edndic d\u2019Aran manifestava que \u201cdes del govern del Conselh Generau estem for\u00e7a satisfets per la predisposici\u00f3 mostrada per la vicepresidenta\u201d, i ha afegit que \u201cel contracte programa, que \u00e9s el marc que regeix les obligacions i projectes vinculats a la CCMA, ha de ser un instrument fonamental per definir la implicaci\u00f3 de la Corporaci\u00f3 amb l\u2019aran\u00e8s. De moment, aquesta \u00e9s la primera vegada que aquest contracte programa t\u00e9 en compte la nostra llengua\u201d.<\/p>\n<p>&nbsp;<\/p>\n\n\t\t<style type=\"text\/css\">\n\t\t\t#gallery-1 {\n\t\t\t\tmargin: auto;\n\t\t\t}\n\t\t\t#gallery-1 .gallery-item {\n\t\t\t\tfloat: left;\n\t\t\t\tmargin-top: 10px;\n\t\t\t\ttext-align: center;\n\t\t\t\twidth: 50%;\n\t\t\t}\n\t\t\t#gallery-1 img {\n\t\t\t\tborder: 2px solid #cfcfcf;\n\t\t\t}\n\t\t\t#gallery-1 .gallery-caption {\n\t\t\t\tmargin-left: 0;\n\t\t\t}\n\t\t\t\/* see gallery_shortcode() in wp-includes\/media.php *\/\n\t\t<\/style>\n\t\t<div id='gallery-1' class='gallery galleryid-31782 gallery-columns-2 gallery-size-full'><dl class='gallery-item'>\n\t\t\t<dt class='gallery-icon landscape'>\n\t\t\t\t<a href='https:\/\/www.conselharan.org\/ca\/aran-tindra-un-espai-de-comunicacio-propi-en-aranes-impulsat-per-la-ccma\/ccma-2-2\/'><img loading=\"lazy\" decoding=\"async\" width=\"298\" height=\"76\" src=\"https:\/\/www.conselharan.org\/wp-content\/uploads\/2020\/01\/ccma.jpg\" class=\"attachment-full size-full\" alt=\"\" \/><\/a>\n\t\t\t<\/dt><\/dl><dl class='gallery-item'>\n\t\t\t<dt class='gallery-icon landscape'>\n\t\t\t\t<a href='https:\/\/www.conselharan.org\/ca\/aran-tindra-un-espai-de-comunicacio-propi-en-aranes-impulsat-per-la-ccma\/logo-conselh-2\/'><img loading=\"lazy\" decoding=\"async\" width=\"380\" height=\"113\" src=\"https:\/\/www.conselharan.org\/wp-content\/uploads\/2020\/01\/logo-conselh.jpg\" class=\"attachment-full size-full\" alt=\"\" srcset=\"https:\/\/www.conselharan.org\/wp-content\/uploads\/2020\/01\/logo-conselh.jpg 380w, https:\/\/www.conselharan.org\/wp-content\/uploads\/2020\/01\/logo-conselh-300x89.jpg 300w\" sizes=\"(max-width: 380px) 100vw, 380px\" \/><\/a>\n\t\t\t<\/dt><\/dl><br style=\"clear: both\" \/>\n\t\t<\/div>\n\n ","protected":false},"excerpt":{"rendered":"<p>El s\u00edndic d\u2019Aran, Franc\u00e9s Boya, ha presentat avui la confer\u00e8ncia de la vicepresidenta de la Corporaci\u00f3 \u201cPer la construcci\u00f3 de l\u2019espai de comunicaci\u00f3 aran\u00e8s\u201d, en la que N\u00faria Llorach ha anunciat la seva voluntat d\u2019impulsar l\u2019aran\u00e8s i fomentar un espai de comunicaci\u00f3 propi a l\u2019Aran El Conselh Generau d\u2019Aran ha acollit aquesta tarda la confer\u00e8ncia&#8230;<\/p>\n","protected":false},"author":10,"featured_media":31789,"comment_status":"closed","ping_status":"closed","sticky":false,"template":"","format":"standard","meta":{"footnotes":""},"categories":[53,133],"tags":[813],"_links":{"self":[{"href":"https:\/\/www.conselharan.org\/ca\/wp-json\/wp\/v2\/posts\/31782"}],"collection":[{"href":"https:\/\/www.conselharan.org\/ca\/wp-json\/wp\/v2\/posts"}],"about":[{"href":"https:\/\/www.conselharan.org\/ca\/wp-json\/wp\/v2\/types\/post"}],"author":[{"embeddable":true,"href":"https:\/\/www.conselharan.org\/ca\/wp-json\/wp\/v2\/users\/10"}],"replies":[{"embeddable":true,"href":"https:\/\/www.conselharan.org\/ca\/wp-json\/wp\/v2\/comments?post=31782"}],"version-history":[{"count":3,"href":"https:\/\/www.conselharan.org\/ca\/wp-json\/wp\/v2\/posts\/31782\/revisions"}],"predecessor-version":[{"id":31798,"href":"https:\/\/www.conselharan.org\/ca\/wp-json\/wp\/v2\/posts\/31782\/revisions\/31798"}],"wp:featuredmedia":[{"embeddable":true,"href":"https:\/\/www.conselharan.org\/ca\/wp-json\/wp\/v2\/media\/31789"}],"wp:attachment":[{"href":"https:\/\/www.conselharan.org\/ca\/wp-json\/wp\/v2\/media?parent=31782"}],"wp:term":[{"taxonomy":"category","embeddable":true,"href":"https:\/\/www.conselharan.org\/ca\/wp-json\/wp\/v2\/categories?post=31782"},{"taxonomy":"post_tag","embeddable":true,"href":"https:\/\/www.conselharan.org\/ca\/wp-json\/wp\/v2\/tags?post=31782"}],"curies":[{"name":"wp","href":"https:\/\/api.w.org\/{rel}","templated":true}]}}