{"id":31992,"date":"2020-01-30T15:14:22","date_gmt":"2020-01-30T14:14:22","guid":{"rendered":"https:\/\/www.conselharan.org\/un-an-memorable-tar-hilat-de-museus-dera-val-daran\/"},"modified":"2020-01-30T15:16:00","modified_gmt":"2020-01-30T14:16:00","slug":"un-an-memorable-tar-hilat-de-museus-dera-val-daran","status":"publish","type":"post","link":"https:\/\/www.conselharan.org\/ca\/un-an-memorable-tar-hilat-de-museus-dera-val-daran\/","title":{"rendered":"Un any \u201cmemorable\u201d per la Xarxa de Museus de la Val d\u2019Aran"},"content":{"rendered":"<p>&nbsp;<\/p>\n<p><a href=\"https:\/\/www.conselharan.org\/wp-content\/uploads\/2020\/01\/IMG_2905.jpg\"><img loading=\"lazy\" decoding=\"async\" class=\"aligncenter wp-image-31988 size-large\" src=\"https:\/\/www.conselharan.org\/wp-content\/uploads\/2020\/01\/IMG_2905-1024x682.jpg\" alt=\"\" width=\"1024\" height=\"682\" srcset=\"https:\/\/www.conselharan.org\/wp-content\/uploads\/2020\/01\/IMG_2905-1024x682.jpg 1024w, https:\/\/www.conselharan.org\/wp-content\/uploads\/2020\/01\/IMG_2905-300x200.jpg 300w, https:\/\/www.conselharan.org\/wp-content\/uploads\/2020\/01\/IMG_2905-768x512.jpg 768w, https:\/\/www.conselharan.org\/wp-content\/uploads\/2020\/01\/IMG_2905.jpg 1400w\" sizes=\"(max-width: 1024px) 100vw, 1024px\" \/><\/a><\/p>\n<ul>\n<li>\n<h3><strong>El passat 2019 els museus d\u2019Aran celebraven l\u2019any de la mem\u00f2ria, tem\u00e0tica al voltant la qual han voltat les activitats realitzades<\/strong><\/h3>\n<\/li>\n<\/ul>\n<p>2019 va ser &#8220;l&#8217;Any de la Mem\u00f2ria&#8221; a la Xarxa de Museus de la Val d&#8217;Aran, del Conselh Generau d&#8217;Aran. Per aquest motiu, les accions dutes a terme tenien com a objectiu recuperar temes del passat per posar-los en valor i donar-los a con\u00e8ixer de forma divulgativa als visitants.<\/p>\n<p>Ja fa alguns anys que Museus Val d&#8217;Aran aposta per les tem\u00e0tiques anuals, la qual cosa permet crear un fil conductor i nexe entre les activitats. A m\u00e9s, garanteix la fidelitzaci\u00f3 del p\u00fablic local.<\/p>\n<p><strong><u>Augment de visitants<\/u><\/strong><\/p>\n<p>En conjunt, la xifra de visitants de tots els equipaments l&#8217;any 2019 ha estat de 21.481, superant en 571 la de 2018. Els museus m\u00e9s visitats, com \u00e9s habitual perqu\u00e8 obren tot l&#8217;any, han estat Sant Joan d&#8217;Arties, esgl\u00e9sia i sala d&#8217;exposicions temporals (5.016), seguit del Museu de la Val d&#8217;Aran (4.816) i de l&#8217;Ecomuseu de Joanchiquet (4.143). Aquest \u00faltim ha estat el museu que m\u00e9s visitants ha guanyat respecte de l&#8217;any anterior, amb una difer\u00e8ncia positiva de 812 visitants.<\/p>\n<p>El s\u00edndic d&#8217;Aran, Franc\u00e9s Boya, ha afirmat que &#8220;tenim la sort de comptar amb equipaments culturals descentralitzats al territori, que permeten explicar l&#8217;hist\u00f2ria, evoluci\u00f3 i identitat de la Val d&#8217;Aran, des de diversos \u00e0mbits amb lectures complement\u00e0ries&#8221;.<\/p>\n<p><strong><u>Activitats durant tot l&#8217;any<\/u><\/strong><\/p>\n<p>Amb el lema &#8220;Museus d&#8217;Aran tot l&#8217;any&#8221;, el Conselh Generau busca oferir la cultura com a instrument per combatre l&#8217;estacionalitat i no limitar l&#8217;oferta muse\u00edstica nom\u00e9s a les \u00e8poques de m\u00e0xima aflu\u00e8ncia tur\u00edstica.<\/p>\n<p>Una de les estrat\u00e8gies per intentar aconseguir-ho \u00e9s la dinamitzaci\u00f3 dels museus mitjan\u00e7ant diverses activitats. El 2019, els actes organitzats per Museus Val d&#8217;Aran han arribat als 1.714 participants, una xifra for\u00e7a superior a la del 2018 (515 visitants).<\/p>\n<p>En total, s&#8217;han dut a terme 23 activitats diferents, finan\u00e7ades en gran part gr\u00e0cies a la subvenci\u00f3 destinada als museus concedida pel Departament de Cultura de la Generalitat de Catalunya, l&#8217;Institut d&#8217;Estudis Ilerdencs de la Diputaci\u00f3 de Lleida i amb els fons de la Junta d&#8217;Her\u00e8ncies de la Generalitat de Catalunya. Pel que fa a les activitats de l&#8217;esgl\u00e9sia de Sant Joan d&#8217;Arties, tamb\u00e9 s&#8217;ha comptat amb el suport de l&#8217;Ajuntament de Naut Aran.<\/p>\n<p>De les 23 activitats, 10 es van realitzar a l&#8217;aire lliure, una f\u00f3rmula per apropar els museus a la comunitat, sortint de les portes del museu cap a fora, com va ser el cas de la mostra d&#8217;arts i oficis al pati exterior de Sant Joan d&#8217;Arties en Setmana Santa, amb m\u00e9s de 600 visitants.<\/p>\n<p><a href=\"https:\/\/www.conselharan.org\/wp-content\/uploads\/2020\/01\/IMG_1816.jpg\"><img loading=\"lazy\" decoding=\"async\" class=\"aligncenter wp-image-31982 size-large\" src=\"https:\/\/www.conselharan.org\/wp-content\/uploads\/2020\/01\/IMG_1816-1024x741.jpg\" alt=\"\" width=\"1024\" height=\"741\" srcset=\"https:\/\/www.conselharan.org\/wp-content\/uploads\/2020\/01\/IMG_1816-1024x741.jpg 1024w, https:\/\/www.conselharan.org\/wp-content\/uploads\/2020\/01\/IMG_1816-300x217.jpg 300w, https:\/\/www.conselharan.org\/wp-content\/uploads\/2020\/01\/IMG_1816-768x556.jpg 768w, https:\/\/www.conselharan.org\/wp-content\/uploads\/2020\/01\/IMG_1816.jpg 1504w\" sizes=\"(max-width: 1024px) 100vw, 1024px\" \/><\/a><\/p>\n<p><strong><u>Les exposicions temporals<\/u><\/strong><\/p>\n<p>Les exposicions temporals garanteixen que les visitants que ja coneixen els museus puguin continuar visitant aquests equipaments amb nous continguts. Un total de 7.481 visitants el 2019 han pogut gaudir de les diferents exposicions, repartides entre Sant Joan d&#8217;Arties, el Museu Val d&#8217;Aran i, com a novetat, en una de les bordes de Joanchiquet, adaptada com a sala d&#8217;exposicions.<\/p>\n<p><strong><u>L&#8217;\u00e8xit de les setmanes tem\u00e0tiques<\/u><\/strong><\/p>\n<p>Altres de les novetats han estat les setmanes tem\u00e0tiques, amb continguts vinculats al territori, que han perm\u00e8s que, al llarg dels diversos dies, s&#8217;hagin tractat temes de manera te\u00f2rica i pr\u00e0ctica. Una d&#8217;aquestes ha estat la &#8220;Setmana de les Bruixes&#8221;, al torn de l&#8217;exposici\u00f3 &#8220;Se&#8217;n parlave i n&#8217;hi havie&#8221;, sobre la bruixeria al Pirineu i les terres de Lleida, que va comptar amb confer\u00e8ncies, tallers, visites teatralitzades, projeccions i un concert a l&#8217;aire lliure, un &#8220;Akelarre Musical&#8221;.<\/p>\n<p><a href=\"https:\/\/www.conselharan.org\/wp-content\/uploads\/2020\/01\/IMG_2900.jpg\"><img loading=\"lazy\" decoding=\"async\" class=\"aligncenter wp-image-31985 size-large\" src=\"https:\/\/www.conselharan.org\/wp-content\/uploads\/2020\/01\/IMG_2900-819x1024.jpg\" alt=\"\" width=\"819\" height=\"1024\" srcset=\"https:\/\/www.conselharan.org\/wp-content\/uploads\/2020\/01\/IMG_2900-819x1024.jpg 819w, https:\/\/www.conselharan.org\/wp-content\/uploads\/2020\/01\/IMG_2900-240x300.jpg 240w, https:\/\/www.conselharan.org\/wp-content\/uploads\/2020\/01\/IMG_2900-768x960.jpg 768w, https:\/\/www.conselharan.org\/wp-content\/uploads\/2020\/01\/IMG_2900.jpg 1120w\" sizes=\"(max-width: 819px) 100vw, 819px\" \/><\/a><\/p>\n<p><strong><u>Nous reptes per 2020<\/u><\/strong><\/p>\n<p>Enguany, la tem\u00e0tica escollida \u00e9s &#8220;l&#8217;Any de les Cr\u00f2niques&#8221;, de manera que, arran del record del passat, puguem prendre consci\u00e8ncia de la realitat del present. Ja s&#8217;han preparat les activitats fins a Setmana Santa, de les quals s&#8217;anir\u00e0 fent difusi\u00f3 a les xarxes socials i tamb\u00e9 poden trobar-se dins dels horaris d&#8217;hivern<\/p>\n<p>Com a novetat, la Mina Vict\u00f2ria presentar\u00e0 un centre d&#8217;interpretaci\u00f3 renovat, amb nova museografia, continguts i did\u00e0ctica. A m\u00e9s, l&#8217;energia consumida en aquesta infraestructura provindr\u00e0 de l&#8217;\u00fas de fonts renovables.<\/p>\n<p><a href=\"https:\/\/www.conselharan.org\/wp-content\/uploads\/2020\/01\/IMG_1051.jpg\"><img loading=\"lazy\" decoding=\"async\" class=\"aligncenter wp-image-31979 size-large\" src=\"https:\/\/www.conselharan.org\/wp-content\/uploads\/2020\/01\/IMG_1051-1024x683.jpg\" alt=\"\" width=\"1024\" height=\"683\" srcset=\"https:\/\/www.conselharan.org\/wp-content\/uploads\/2020\/01\/IMG_1051-1024x683.jpg 1024w, https:\/\/www.conselharan.org\/wp-content\/uploads\/2020\/01\/IMG_1051-300x200.jpg 300w, https:\/\/www.conselharan.org\/wp-content\/uploads\/2020\/01\/IMG_1051-768x512.jpg 768w, https:\/\/www.conselharan.org\/wp-content\/uploads\/2020\/01\/IMG_1051.jpg 2048w\" sizes=\"(max-width: 1024px) 100vw, 1024px\" \/><\/a><\/p>\n ","protected":false},"excerpt":{"rendered":"<p>&nbsp; El passat 2019 els museus d\u2019Aran celebraven l\u2019any de la mem\u00f2ria, tem\u00e0tica al voltant la qual han voltat les activitats realitzades 2019 va ser &#8220;l&#8217;Any de la Mem\u00f2ria&#8221; a la Xarxa de Museus de la Val d&#8217;Aran, del Conselh Generau d&#8217;Aran. Per aquest motiu, les accions dutes a terme tenien com a objectiu recuperar&#8230;<\/p>\n","protected":false},"author":10,"featured_media":31989,"comment_status":"closed","ping_status":"closed","sticky":false,"template":"","format":"standard","meta":{"footnotes":""},"categories":[794,33],"tags":[334,651],"_links":{"self":[{"href":"https:\/\/www.conselharan.org\/ca\/wp-json\/wp\/v2\/posts\/31992"}],"collection":[{"href":"https:\/\/www.conselharan.org\/ca\/wp-json\/wp\/v2\/posts"}],"about":[{"href":"https:\/\/www.conselharan.org\/ca\/wp-json\/wp\/v2\/types\/post"}],"author":[{"embeddable":true,"href":"https:\/\/www.conselharan.org\/ca\/wp-json\/wp\/v2\/users\/10"}],"replies":[{"embeddable":true,"href":"https:\/\/www.conselharan.org\/ca\/wp-json\/wp\/v2\/comments?post=31992"}],"version-history":[{"count":2,"href":"https:\/\/www.conselharan.org\/ca\/wp-json\/wp\/v2\/posts\/31992\/revisions"}],"predecessor-version":[{"id":31995,"href":"https:\/\/www.conselharan.org\/ca\/wp-json\/wp\/v2\/posts\/31992\/revisions\/31995"}],"wp:featuredmedia":[{"embeddable":true,"href":"https:\/\/www.conselharan.org\/ca\/wp-json\/wp\/v2\/media\/31989"}],"wp:attachment":[{"href":"https:\/\/www.conselharan.org\/ca\/wp-json\/wp\/v2\/media?parent=31992"}],"wp:term":[{"taxonomy":"category","embeddable":true,"href":"https:\/\/www.conselharan.org\/ca\/wp-json\/wp\/v2\/categories?post=31992"},{"taxonomy":"post_tag","embeddable":true,"href":"https:\/\/www.conselharan.org\/ca\/wp-json\/wp\/v2\/tags?post=31992"}],"curies":[{"name":"wp","href":"https:\/\/api.w.org\/{rel}","templated":true}]}}