{"id":32050,"date":"2020-02-02T16:59:52","date_gmt":"2020-02-02T15:59:52","guid":{"rendered":"https:\/\/www.conselharan.org\/marta-cester-e-imanol-rojo-se-proclamen-guanhadors-dera-41au-marxa-beret\/"},"modified":"2020-02-02T17:01:27","modified_gmt":"2020-02-02T16:01:27","slug":"marta-cester-e-imanol-rojo-se-proclamen-guanhadors-dera-41au-marxa-beret","status":"publish","type":"post","link":"https:\/\/www.conselharan.org\/ca\/marta-cester-e-imanol-rojo-se-proclamen-guanhadors-dera-41au-marxa-beret\/","title":{"rendered":"Marta Cester i Imanol Rojo es proclamen guanyadors de la 41a Marxa Beret"},"content":{"rendered":"<p><a href=\"https:\/\/www.conselharan.org\/wp-content\/uploads\/2020\/02\/05_200202_MarxaBeret_fototur.jpg\"><img loading=\"lazy\" decoding=\"async\" class=\"aligncenter wp-image-32040 size-large\" src=\"https:\/\/www.conselharan.org\/wp-content\/uploads\/2020\/02\/05_200202_MarxaBeret_fototur-1024x683.jpg\" alt=\"\" width=\"1024\" height=\"683\" srcset=\"https:\/\/www.conselharan.org\/wp-content\/uploads\/2020\/02\/05_200202_MarxaBeret_fototur-1024x683.jpg 1024w, https:\/\/www.conselharan.org\/wp-content\/uploads\/2020\/02\/05_200202_MarxaBeret_fototur-300x200.jpg 300w, https:\/\/www.conselharan.org\/wp-content\/uploads\/2020\/02\/05_200202_MarxaBeret_fototur-768x512.jpg 768w\" sizes=\"(max-width: 1024px) 100vw, 1024px\" \/><\/a><\/p>\n<ul>\n<li>\n<h3><strong>Un diumenge assolellat i amb temperatura agradable ha acollit als participants de la 41a edici\u00f3 de la competici\u00f3 popular d&#8217;esqu\u00ed de fons m\u00e9s multitudin\u00e0ria d&#8217;Espanya en les dist\u00e0ncies de 10, 21 i 42 km<\/strong><\/h3>\n<\/li>\n<li>\n<h3><strong>A nivell competitiu, el dissabte es van disputar els Campionats d&#8217;Espanya Sprint\u00a0Salomon\u00a0i el diumenge va ser el dia de l&#8217;esperada\u00a0Marxa\u00a0Beret, que \u00e9s puntuable per a la Copa d&#8217;Espanya d&#8217;esqu\u00ed de fons i forma part del calendari\u00a0FIS\u00a0de Llarga Dist\u00e0ncia, un total de 900 corredors en tot el cap de setmana<\/strong><\/h3>\n<\/li>\n<\/ul>\n<p>Despr\u00e9s d&#8217;unes \u00faltimes edicions sota fortes nevades, la\u00a0Marxa\u00a0Beret 2020 ser\u00e0 recordada per una meteorologia magn\u00edfica al Pla de Beret. L&#8217;esdeveniment s&#8217;ha desenvolupat en la zona central del Pla, l&#8217;\u00e0rea d\u2019Orri\u00a0i la zona pr\u00f2xima a Montgarri, tot i que sense arribar fins a aquest m\u00edtic poble.<\/p>\n<p>La sortida en massa de m\u00e9s de 800 participants ha estat espectacular com en cada edici\u00f3 amb els esportistes d&#8217;elit a la zona de davant amb molt\u00edssimes ganes de pujar a un podi que ha estat molt disputat.<\/p>\n<p>En la categoria reina l\u2019aranesa Marta\u00a0C\u00e9ster\u00a0(CAEI-FCEH)\u00a0amb\u00a02h.39m.46 i el\u00a0tamb\u00e9 resident a l\u2019Aran Imanol\u00a0Rojo (Uzturre-RFEDI-NKEF-FVDI) amb crono\u00a0de 2.01.23, s&#8217;han imposat amb autoritat. Tots dos han guanyat ja en diverses ocasions aquest esdeveniment i saben perfectament com dosificar-se en un tra\u00e7at tan llarg per a aconseguir entrar els primers en meta, on els esperaven amics i fam\u00edlia.<\/p>\n<p>En dones la segona a entrar per meta en els 42 km ha sigut la francesa Perrine Abadie amb 2.57.07 i al tercer esgla\u00f3 del podi ha pujat Henar Etxebarr\u00eda (RNCAL-FNDI) amb 3.09.35. En homes, Sadurn\u00ed Betriu (CEFUC-FCEH) ha quedat segon amb 2.08.40 i tercer amb 2.09.01 ha entrat el noruec Sigmund Rimstad.<\/p>\n<p>La vict\u00f2ria dels 21 km ha sigut per a Irati Cuadrado (Irrintzi-FNDI) amb 1.07.31 i Gerard Palomo (CEFUC-FCEH) amb 57.54. En la dist\u00e0ncia m\u00e9s curta, els 10 km, l&#8217;esgla\u00f3 m\u00e9s alt del podi ha estat per a Marta Moreno (CAEI-FCEH) amb 28:03 i Roc Vilar\u00f3 (Bellver-FCEH) amb 24.58.<\/p>\n<p>Els campions d&#8217;Espanya de Sprint del dissabte, en l&#8217;emocionant esdeveniment patrocinat per\u00a0Salomon\u00a0en eliminat\u00f2ries de 6, van anar en categoria absoluta per Irati Cuadrado (Irrintzi-FNDI)\u00a0i\u00a0Gral\u00a0Sell\u00e9s (Bellver-FCEH-RFEDI). En U16\u00a0Alaia\u00a0Juaristi\u00a0(Uzturre-FVDI-NKEF)\u00a0i\u00a0Roc\u00a0Vilar\u00f3\u00a0(Bellver-FCEH). En infantil U14 Martina Sell\u00e9s (Bellver-FCEH)\u00a0i\u00a0Peio\u00a0A\u00f1arbe\u00a0(MGSTZ-FVDI-NKEF).<\/p>\n<p>La\u00a0Marxa\u00a0Beret \u00e9s molt m\u00e9s que una competici\u00f3, \u00e9s una de les proves d&#8217;esqu\u00ed n\u00f2rdic m\u00e9s consolidades que es realitzen en la pen\u00ednsula. M\u00e9s enll\u00e0 dels esportistes amb llic\u00e8ncia, la majoria dels participants \u00e9s un p\u00fablic familiar i grups d&#8217;amics que s&#8217;ho prenen com una festa de l&#8217;esqu\u00ed de fons.<\/p>\n<p>Est\u00e0 organitzada pel\u00a0Conselh\u00a0Generau\u00a0d\u2019Aran, Vaqu\u00e8ira Beret i l&#8217;Ajuntament de\u00a0Naut\u00a0Aran. Compta amb col\u00b7laboraci\u00f3 de l&#8217;Associaci\u00f3\u00a0Volentaris\u00a0Vall d&#8217;Aran, Audi, Coca-Cola,\u00a0Powerade,\u00a0Salomon, Obra Social la Caixa,\u00a0Diputaci\u00f3\u00a0de Lleida,\u00a0Conselh\u00a0Esportiu\u00a0Vall d&#8217;Aran,\u00a0Comerco, OC\u00a0Studio, Aran\u00a0Salut, Era Esc\u00f2la, La Roche-\u00a0Posay,\u00a0PowerBar,\u00a0AECC, Mossos d\u2019Esquadra, Aneto, InterSport\u00a0Vielha, a m\u00e9s de la Real Federaci\u00f3 Espanyola Esports d&#8217;Hivern (RFEDI), la\u00a0Federaci\u00f3\u00a0Catalana d&#8217;Esports\u00a0d&#8217;Hivern\u00a0(FCEH).<\/p>\n\n\t\t<style type=\"text\/css\">\n\t\t\t#gallery-1 {\n\t\t\t\tmargin: auto;\n\t\t\t}\n\t\t\t#gallery-1 .gallery-item {\n\t\t\t\tfloat: left;\n\t\t\t\tmargin-top: 10px;\n\t\t\t\ttext-align: center;\n\t\t\t\twidth: 50%;\n\t\t\t}\n\t\t\t#gallery-1 img {\n\t\t\t\tborder: 2px solid #cfcfcf;\n\t\t\t}\n\t\t\t#gallery-1 .gallery-caption {\n\t\t\t\tmargin-left: 0;\n\t\t\t}\n\t\t\t\/* see gallery_shortcode() in wp-includes\/media.php *\/\n\t\t<\/style>\n\t\t<div id='gallery-1' class='gallery galleryid-32050 gallery-columns-2 gallery-size-large'><dl class='gallery-item'>\n\t\t\t<dt class='gallery-icon landscape'>\n\t\t\t\t<a href='https:\/\/www.conselharan.org\/ca\/marta-cester-e-imanol-rojo-se-proclamen-guanhadors-dera-41au-marxa-beret\/28_200202_marxaberet_fototur-2\/'><img loading=\"lazy\" decoding=\"async\" width=\"1024\" height=\"683\" src=\"https:\/\/www.conselharan.org\/wp-content\/uploads\/2020\/02\/28_200202_MarxaBeret_fototur-1024x683.jpg\" class=\"attachment-large size-large\" alt=\"\" srcset=\"https:\/\/www.conselharan.org\/wp-content\/uploads\/2020\/02\/28_200202_MarxaBeret_fototur-1024x683.jpg 1024w, https:\/\/www.conselharan.org\/wp-content\/uploads\/2020\/02\/28_200202_MarxaBeret_fototur-300x200.jpg 300w, https:\/\/www.conselharan.org\/wp-content\/uploads\/2020\/02\/28_200202_MarxaBeret_fototur-768x512.jpg 768w\" sizes=\"(max-width: 1024px) 100vw, 1024px\" \/><\/a>\n\t\t\t<\/dt><\/dl><dl class='gallery-item'>\n\t\t\t<dt class='gallery-icon landscape'>\n\t\t\t\t<a href='https:\/\/www.conselharan.org\/ca\/marta-cester-e-imanol-rojo-se-proclamen-guanhadors-dera-41au-marxa-beret\/31_200202_marxaberet_fototur-2\/'><img loading=\"lazy\" decoding=\"async\" width=\"1024\" height=\"683\" src=\"https:\/\/www.conselharan.org\/wp-content\/uploads\/2020\/02\/31_200202_MarxaBeret_fototur-1024x683.jpg\" class=\"attachment-large size-large\" alt=\"\" srcset=\"https:\/\/www.conselharan.org\/wp-content\/uploads\/2020\/02\/31_200202_MarxaBeret_fototur-1024x683.jpg 1024w, https:\/\/www.conselharan.org\/wp-content\/uploads\/2020\/02\/31_200202_MarxaBeret_fototur-300x200.jpg 300w, https:\/\/www.conselharan.org\/wp-content\/uploads\/2020\/02\/31_200202_MarxaBeret_fototur-768x512.jpg 768w\" sizes=\"(max-width: 1024px) 100vw, 1024px\" \/><\/a>\n\t\t\t<\/dt><\/dl><br style=\"clear: both\" \/>\n\t\t<\/div>\n\n ","protected":false},"excerpt":{"rendered":"<p>Un diumenge assolellat i amb temperatura agradable ha acollit als participants de la 41a edici\u00f3 de la competici\u00f3 popular d&#8217;esqu\u00ed de fons m\u00e9s multitudin\u00e0ria d&#8217;Espanya en les dist\u00e0ncies de 10, 21 i 42 km A nivell competitiu, el dissabte es van disputar els Campionats d&#8217;Espanya Sprint\u00a0Salomon\u00a0i el diumenge va ser el dia de l&#8217;esperada\u00a0Marxa\u00a0Beret, que&#8230;<\/p>\n","protected":false},"author":10,"featured_media":32041,"comment_status":"closed","ping_status":"closed","sticky":false,"template":"","format":"standard","meta":{"footnotes":""},"categories":[136,33],"tags":[672],"_links":{"self":[{"href":"https:\/\/www.conselharan.org\/ca\/wp-json\/wp\/v2\/posts\/32050"}],"collection":[{"href":"https:\/\/www.conselharan.org\/ca\/wp-json\/wp\/v2\/posts"}],"about":[{"href":"https:\/\/www.conselharan.org\/ca\/wp-json\/wp\/v2\/types\/post"}],"author":[{"embeddable":true,"href":"https:\/\/www.conselharan.org\/ca\/wp-json\/wp\/v2\/users\/10"}],"replies":[{"embeddable":true,"href":"https:\/\/www.conselharan.org\/ca\/wp-json\/wp\/v2\/comments?post=32050"}],"version-history":[{"count":2,"href":"https:\/\/www.conselharan.org\/ca\/wp-json\/wp\/v2\/posts\/32050\/revisions"}],"predecessor-version":[{"id":32053,"href":"https:\/\/www.conselharan.org\/ca\/wp-json\/wp\/v2\/posts\/32050\/revisions\/32053"}],"wp:featuredmedia":[{"embeddable":true,"href":"https:\/\/www.conselharan.org\/ca\/wp-json\/wp\/v2\/media\/32041"}],"wp:attachment":[{"href":"https:\/\/www.conselharan.org\/ca\/wp-json\/wp\/v2\/media?parent=32050"}],"wp:term":[{"taxonomy":"category","embeddable":true,"href":"https:\/\/www.conselharan.org\/ca\/wp-json\/wp\/v2\/categories?post=32050"},{"taxonomy":"post_tag","embeddable":true,"href":"https:\/\/www.conselharan.org\/ca\/wp-json\/wp\/v2\/tags?post=32050"}],"curies":[{"name":"wp","href":"https:\/\/api.w.org\/{rel}","templated":true}]}}