{"id":32066,"date":"2020-02-03T10:07:40","date_gmt":"2020-02-03T09:07:40","guid":{"rendered":"https:\/\/www.conselharan.org\/es-escoles-de-bossost-vielha-era-zer-val-daran-e-er-institut-daran-se-higen-ath-programa-kiva-de-prevencion-deth-setge-escolar\/"},"modified":"2020-02-03T14:42:03","modified_gmt":"2020-02-03T13:42:03","slug":"es-escoles-de-bossost-vielha-era-zer-val-daran-e-er-institut-daran-se-higen-ath-programa-kiva-de-prevencion-deth-setge-escolar","status":"publish","type":"post","link":"https:\/\/www.conselharan.org\/ca\/es-escoles-de-bossost-vielha-era-zer-val-daran-e-er-institut-daran-se-higen-ath-programa-kiva-de-prevencion-deth-setge-escolar\/","title":{"rendered":"Les escoles de Boss\u00f2st, Vielha, la ZER Val d\u2019Aran, l&#8217;EAP i l\u2019institut d\u2019Aran s\u2019afegeixen al programa KIVA de prevenci\u00f3 de l\u2019assetjament escolar"},"content":{"rendered":"<p><a href=\"https:\/\/www.conselharan.org\/wp-content\/uploads\/2020\/02\/kiva_foto.jpg\"><img loading=\"lazy\" decoding=\"async\" class=\"aligncenter wp-image-32062 size-large\" src=\"https:\/\/www.conselharan.org\/wp-content\/uploads\/2020\/02\/kiva_foto-1024x1024.jpg\" alt=\"\" width=\"1024\" height=\"1024\" srcset=\"https:\/\/www.conselharan.org\/wp-content\/uploads\/2020\/02\/kiva_foto-1024x1024.jpg 1024w, https:\/\/www.conselharan.org\/wp-content\/uploads\/2020\/02\/kiva_foto-150x150.jpg 150w, https:\/\/www.conselharan.org\/wp-content\/uploads\/2020\/02\/kiva_foto-300x300.jpg 300w, https:\/\/www.conselharan.org\/wp-content\/uploads\/2020\/02\/kiva_foto-768x768.jpg 768w, https:\/\/www.conselharan.org\/wp-content\/uploads\/2020\/02\/kiva_foto-270x270.jpg 270w, https:\/\/www.conselharan.org\/wp-content\/uploads\/2020\/02\/kiva_foto-207x207.jpg 207w, https:\/\/www.conselharan.org\/wp-content\/uploads\/2020\/02\/kiva_foto-75x75.jpg 75w\" sizes=\"(max-width: 1024px) 100vw, 1024px\" \/><\/a><\/p>\n<ul>\n<li>\n<h3><strong>A trav\u00e9s de la iniciativa de l\u2019\u00e0rea de benestar del Conselh Generau d\u2019Aran, durant aquest curs el professorat d\u2019aquests centres rebr\u00e0 formacion sobre com actuar davant dels casos d\u2019assetjament escolar<\/strong><\/h3>\n<\/li>\n<\/ul>\n<p>Durant les \u00faltimes setmanes, la vices\u00edndica i consellera d\u2019Igualtat, Salut i Benestar, Maria Verg\u00e9s, i la consellera d\u2019Ensenyament, Angelina Cases, s\u2019han reunit amb els equips directius de les escoles araneses per implementar-hi el programa KIVA contra l\u2019assetjament escolar.<\/p>\n<p>El projecte KIVA contra l\u2019assetjament busca treballar no nom\u00e9s amb la v\u00edctima i l\u2019assetjador, sin\u00f3 que vol fer veure al conjunt d\u2019escolars que tots units poden canviar aquesta situaci\u00f3. Est\u00e0 provat que els observadors s\u00f3n una part clau per acabar amb el bullying i poden decidir formar part de la soluci\u00f3 en comptes d\u2019ignorar el problema.<\/p>\n<p>Aquest projecte ha estat impulsat per l\u2019\u00e0rea de benestar del Conselh Generau d\u2019Aran ja que s\u2019ha detectat que cada cop son mes els casos d\u2019assetjament a les escoles. Amb motiu de la incorporaci\u00f3 d\u2019aquests centres formatius al programa KIVA, durant aquest curs el professorat de les escoles de Boss\u00f2st, Vielha, la ZER Val d\u2019Aran, er EAP i l\u2019Institut d\u2019Aran rebr\u00e0 formaci\u00f3 sobre com actuar davant aquests casos. La previsi\u00f3 \u00e9s que la implementaci\u00f3 del programa es dugui a terme el curs 2020-2021, una vegada acabada la formaci\u00f3.<\/p>\n<p>La consellera Cases s\u2019ha mostrat for\u00e7a \u201csatisfeta per la bona acollida que hi ha hagut en els centres aranesos d\u2019aquest programa\u201d.<\/p>\n<p>Per la seva part, la consellera Verg\u00e9s afirma que \u201cmalauradament Aran no \u00e9s ali\u00e8 a aquesta problem\u00e0tica y per aix\u00f2 el govern del Conselh Generau d\u2019Aran vol contribuir a millorar la situaci\u00f3 de les nostres escoles\u201d.<\/p>\n<p>\u00c9s necessari recordar que, segons les dades de Save the Children, la problem\u00e0tica de l\u2019assetjament escolar afecta 1 de cada 10 nens a Espanya, on un 9,3% dels alumnes ha patit algun tipus d\u2019assetjament.<\/p>\n ","protected":false},"excerpt":{"rendered":"<p>A trav\u00e9s de la iniciativa de l\u2019\u00e0rea de benestar del Conselh Generau d\u2019Aran, durant aquest curs el professorat d\u2019aquests centres rebr\u00e0 formacion sobre com actuar davant dels casos d\u2019assetjament escolar Durant les \u00faltimes setmanes, la vices\u00edndica i consellera d\u2019Igualtat, Salut i Benestar, Maria Verg\u00e9s, i la consellera d\u2019Ensenyament, Angelina Cases, s\u2019han reunit amb els equips&#8230;<\/p>\n","protected":false},"author":10,"featured_media":32063,"comment_status":"closed","ping_status":"closed","sticky":false,"template":"","format":"standard","meta":{"footnotes":""},"categories":[791,33],"tags":[820,822],"_links":{"self":[{"href":"https:\/\/www.conselharan.org\/ca\/wp-json\/wp\/v2\/posts\/32066"}],"collection":[{"href":"https:\/\/www.conselharan.org\/ca\/wp-json\/wp\/v2\/posts"}],"about":[{"href":"https:\/\/www.conselharan.org\/ca\/wp-json\/wp\/v2\/types\/post"}],"author":[{"embeddable":true,"href":"https:\/\/www.conselharan.org\/ca\/wp-json\/wp\/v2\/users\/10"}],"replies":[{"embeddable":true,"href":"https:\/\/www.conselharan.org\/ca\/wp-json\/wp\/v2\/comments?post=32066"}],"version-history":[{"count":2,"href":"https:\/\/www.conselharan.org\/ca\/wp-json\/wp\/v2\/posts\/32066\/revisions"}],"predecessor-version":[{"id":32072,"href":"https:\/\/www.conselharan.org\/ca\/wp-json\/wp\/v2\/posts\/32066\/revisions\/32072"}],"wp:featuredmedia":[{"embeddable":true,"href":"https:\/\/www.conselharan.org\/ca\/wp-json\/wp\/v2\/media\/32063"}],"wp:attachment":[{"href":"https:\/\/www.conselharan.org\/ca\/wp-json\/wp\/v2\/media?parent=32066"}],"wp:term":[{"taxonomy":"category","embeddable":true,"href":"https:\/\/www.conselharan.org\/ca\/wp-json\/wp\/v2\/categories?post=32066"},{"taxonomy":"post_tag","embeddable":true,"href":"https:\/\/www.conselharan.org\/ca\/wp-json\/wp\/v2\/tags?post=32066"}],"curies":[{"name":"wp","href":"https:\/\/api.w.org\/{rel}","templated":true}]}}