{"id":32110,"date":"2020-02-05T14:41:51","date_gmt":"2020-02-05T13:41:51","guid":{"rendered":"https:\/\/www.conselharan.org\/eth-conselh-generau-participe-en-projecte-prometheus-enta-promoir-es-hestes-deth-huec-deth-pireneu\/"},"modified":"2020-02-06T08:32:25","modified_gmt":"2020-02-06T07:32:25","slug":"eth-conselh-generau-participe-en-projecte-prometheus-enta-promoir-es-hestes-deth-huec-deth-pireneu","status":"publish","type":"post","link":"https:\/\/www.conselharan.org\/ca\/eth-conselh-generau-participe-en-projecte-prometheus-enta-promoir-es-hestes-deth-huec-deth-pireneu\/","title":{"rendered":"El Conselh Generau participa en el projecte Prometheus per promoure les festes del foc del Pirineu"},"content":{"rendered":"<p><a href=\"https:\/\/www.conselharan.org\/wp-content\/uploads\/2020\/02\/IMG_20200129_122706.jpg\"><img loading=\"lazy\" decoding=\"async\" class=\"aligncenter wp-image-32106 size-large\" src=\"https:\/\/www.conselharan.org\/wp-content\/uploads\/2020\/02\/IMG_20200129_122706-1024x768.jpg\" alt=\"\" width=\"1024\" height=\"768\" srcset=\"https:\/\/www.conselharan.org\/wp-content\/uploads\/2020\/02\/IMG_20200129_122706-1024x768.jpg 1024w, https:\/\/www.conselharan.org\/wp-content\/uploads\/2020\/02\/IMG_20200129_122706-300x225.jpg 300w, https:\/\/www.conselharan.org\/wp-content\/uploads\/2020\/02\/IMG_20200129_122706-768x576.jpg 768w\" sizes=\"(max-width: 1024px) 100vw, 1024px\" \/><\/a><\/p>\n<ul>\n<li>\n<h3><strong>L\u2019objectiu d\u2019aquest projecte es crear instruments formatius per ampliar el coneixement de les falles, haros i brandons de la zona<\/strong><\/h3>\n<\/li>\n<\/ul>\n<p>La consellera de Coneixement, Angelina Cases, va estar present el passat dia 29 de gener a la presentaci\u00f3 del projecte europeu \u201cPrometheus\u201d (INTERREG POCTEFA), que t\u00e9 com a objectiu promoure el coneixement de les falles, haros i brandons dels Pirineus.<\/p>\n<p>El projecte Prometheus preveu la creaci\u00f3 d\u2019instruments formatius per l\u2019educaci\u00f3 formal, aix\u00ed com materials educatius per un p\u00fablic general, entre ells, la creaci\u00f3 d\u2019un museu virtual i el desenvolupament d\u2019una app pel m\u00f2bil.<\/p>\n<p>El dia anterior d\u2019aquesta presentaci\u00f3, ja s\u2019havia mantingut una reuni\u00f3 a la Univestitat de Lleida amb el grup de treball del projecte en la que tamb\u00e9 hi van participar t\u00e8cnics del Conselh Generau d\u2019Aran.<\/p>\n<p>Aquest projecte est\u00e0 liderat per la Universitat de Lleida (Udl), en col\u00b7laboraci\u00f3 amb la Universitat de Barcelona (UB), la Universit\u00e9 de Perpignan Via Domitia, el Centre Interr\u00e9gional de D\u00e9veloppement de l\u2019Occitan (CIRDOC), la Generalitat de Catalunya, el Govern d\u2019Andorra, el Conselh Generau d\u2019Aran i la Diputaci\u00f3 de Lleida.<\/p>\n<p><a href=\"https:\/\/www.conselharan.org\/wp-content\/uploads\/2020\/02\/Logo_Inicial.png\"><img loading=\"lazy\" decoding=\"async\" class=\"alignnone size-medium wp-image-32118\" src=\"https:\/\/www.conselharan.org\/wp-content\/uploads\/2020\/02\/Logo_Inicial-300x107.png\" alt=\"\" width=\"300\" height=\"107\" srcset=\"https:\/\/www.conselharan.org\/wp-content\/uploads\/2020\/02\/Logo_Inicial-300x107.png 300w, https:\/\/www.conselharan.org\/wp-content\/uploads\/2020\/02\/Logo_Inicial.png 442w\" sizes=\"(max-width: 300px) 100vw, 300px\" \/><\/a><\/p>\n ","protected":false},"excerpt":{"rendered":"<p>L\u2019objectiu d\u2019aquest projecte es crear instruments formatius per ampliar el coneixement de les falles, haros i brandons de la zona La consellera de Coneixement, Angelina Cases, va estar present el passat dia 29 de gener a la presentaci\u00f3 del projecte europeu \u201cPrometheus\u201d (INTERREG POCTEFA), que t\u00e9 com a objectiu promoure el coneixement de les falles,&#8230;<\/p>\n","protected":false},"author":10,"featured_media":32107,"comment_status":"closed","ping_status":"closed","sticky":false,"template":"","format":"standard","meta":{"footnotes":""},"categories":[794,33],"tags":[827],"_links":{"self":[{"href":"https:\/\/www.conselharan.org\/ca\/wp-json\/wp\/v2\/posts\/32110"}],"collection":[{"href":"https:\/\/www.conselharan.org\/ca\/wp-json\/wp\/v2\/posts"}],"about":[{"href":"https:\/\/www.conselharan.org\/ca\/wp-json\/wp\/v2\/types\/post"}],"author":[{"embeddable":true,"href":"https:\/\/www.conselharan.org\/ca\/wp-json\/wp\/v2\/users\/10"}],"replies":[{"embeddable":true,"href":"https:\/\/www.conselharan.org\/ca\/wp-json\/wp\/v2\/comments?post=32110"}],"version-history":[{"count":2,"href":"https:\/\/www.conselharan.org\/ca\/wp-json\/wp\/v2\/posts\/32110\/revisions"}],"predecessor-version":[{"id":32121,"href":"https:\/\/www.conselharan.org\/ca\/wp-json\/wp\/v2\/posts\/32110\/revisions\/32121"}],"wp:featuredmedia":[{"embeddable":true,"href":"https:\/\/www.conselharan.org\/ca\/wp-json\/wp\/v2\/media\/32107"}],"wp:attachment":[{"href":"https:\/\/www.conselharan.org\/ca\/wp-json\/wp\/v2\/media?parent=32110"}],"wp:term":[{"taxonomy":"category","embeddable":true,"href":"https:\/\/www.conselharan.org\/ca\/wp-json\/wp\/v2\/categories?post=32110"},{"taxonomy":"post_tag","embeddable":true,"href":"https:\/\/www.conselharan.org\/ca\/wp-json\/wp\/v2\/tags?post=32110"}],"curies":[{"name":"wp","href":"https:\/\/api.w.org\/{rel}","templated":true}]}}