{"id":32264,"date":"2020-02-17T14:29:49","date_gmt":"2020-02-17T13:29:49","guid":{"rendered":"https:\/\/www.conselharan.org\/dubertes-es-inscripcions-entara-7au-corsa-dera-hemna\/"},"modified":"2020-02-17T14:35:23","modified_gmt":"2020-02-17T13:35:23","slug":"dubertes-es-inscripcions-entara-7au-corsa-dera-hemna","status":"publish","type":"post","link":"https:\/\/www.conselharan.org\/ca\/dubertes-es-inscripcions-entara-7au-corsa-dera-hemna\/","title":{"rendered":"Obertes les inscripcions per la 7a Corsa dera Hemna"},"content":{"rendered":"<p><a href=\"https:\/\/www.conselharan.org\/wp-content\/uploads\/2020\/02\/CARTEL-7AU-CORSA-DERA-HEMNA.jpg\"><img loading=\"lazy\" decoding=\"async\" class=\"aligncenter wp-image-32260 size-large\" src=\"https:\/\/www.conselharan.org\/wp-content\/uploads\/2020\/02\/CARTEL-7AU-CORSA-DERA-HEMNA-724x1024.jpg\" alt=\"\" width=\"724\" height=\"1024\" srcset=\"https:\/\/www.conselharan.org\/wp-content\/uploads\/2020\/02\/CARTEL-7AU-CORSA-DERA-HEMNA-724x1024.jpg 724w, https:\/\/www.conselharan.org\/wp-content\/uploads\/2020\/02\/CARTEL-7AU-CORSA-DERA-HEMNA-212x300.jpg 212w, https:\/\/www.conselharan.org\/wp-content\/uploads\/2020\/02\/CARTEL-7AU-CORSA-DERA-HEMNA-768x1086.jpg 768w\" sizes=\"(max-width: 724px) 100vw, 724px\" \/><\/a><\/p>\n<p>&nbsp;<\/p>\n<ul>\n<li>\n<h3><strong>Aquesta cursa popular tindr\u00e0 lloc el dia 8 de mar\u00e7 per commemorar el Dia Internacional de la Dona i tancar\u00e0 tota una setmana d\u2019actes organitzats pel govern del Conselh Generau d\u2019Aran<\/strong><\/h3>\n<\/li>\n<\/ul>\n<p>El Conselh Generau d\u2019Aran, a trav\u00e9s del Servei d\u2019Informaci\u00f3 i Atenci\u00f3 de la Dona (SIAH), en col\u00b7laboraci\u00f3 amb el Conselh Esportiu de la Val d\u2019Aran i l\u2019Associaci\u00f3 de Voluntaris Val d\u2019Aran, i amb el suport de l\u2019Ajuntament de Vielha e Mijaran i l\u2019Institut Catal\u00e0 de les Dones, ha organitzat la 7a Corsa dera Hemna de la Val d\u2019Aran, que tindr\u00e0 lloc el proper diumenge, 8 de mar\u00e7, a les 11 hores.<\/p>\n<p>Aquesta cursa tancar\u00e0 la setmana que el govern aran\u00e8s organitza per commemorar el Dia Internacional de la Dona amb un ampli ventall d\u2019activitats per totes i tots.<\/p>\n<p>La Corsa dera Hemna \u00e9s una competici\u00f3 popular de 5 km que travessa el poble de Vielha i que es pot fer corrent o caminant. La sortida ser\u00e0 a les 11 del mat\u00ed des de la Pla\u00e7a d\u2019Aran i, com sempre, hi haur\u00e0 set categories: Absoluta femenina, juvenil, s\u00e8nior, m\u00e0ster 30, m\u00e0ster 40, m\u00e0ster 50 i absolut mascul\u00ed.<\/p>\n<p>Les inscripcions ja es poden realitzar online i es podran realitzar tamb\u00e9 de forma presencial els dies 6 i 7 de mar\u00e7 de 17 a 20 hores a la Pla\u00e7a del Conselh Generau d\u2019Aran, a on tamb\u00e9 es podran recollir els dorsals i la samarreta oficial de la cursa. El preu de la inscripci\u00f3 \u00e9s de 3 euros.<\/p>\n<p>Link de les inscripcions online: <a href=\"https:\/\/inscripcions.cat\/corsaderahemna2020\">https:\/\/inscripcions.cat\/corsaderahemna2020<\/a><\/p>\n ","protected":false},"excerpt":{"rendered":"<p>&nbsp; Aquesta cursa popular tindr\u00e0 lloc el dia 8 de mar\u00e7 per commemorar el Dia Internacional de la Dona i tancar\u00e0 tota una setmana d\u2019actes organitzats pel govern del Conselh Generau d\u2019Aran El Conselh Generau d\u2019Aran, a trav\u00e9s del Servei d\u2019Informaci\u00f3 i Atenci\u00f3 de la Dona (SIAH), en col\u00b7laboraci\u00f3 amb el Conselh Esportiu de la&#8230;<\/p>\n","protected":false},"author":10,"featured_media":32261,"comment_status":"closed","ping_status":"closed","sticky":false,"template":"","format":"standard","meta":{"footnotes":""},"categories":[136,797],"tags":[],"_links":{"self":[{"href":"https:\/\/www.conselharan.org\/ca\/wp-json\/wp\/v2\/posts\/32264"}],"collection":[{"href":"https:\/\/www.conselharan.org\/ca\/wp-json\/wp\/v2\/posts"}],"about":[{"href":"https:\/\/www.conselharan.org\/ca\/wp-json\/wp\/v2\/types\/post"}],"author":[{"embeddable":true,"href":"https:\/\/www.conselharan.org\/ca\/wp-json\/wp\/v2\/users\/10"}],"replies":[{"embeddable":true,"href":"https:\/\/www.conselharan.org\/ca\/wp-json\/wp\/v2\/comments?post=32264"}],"version-history":[{"count":2,"href":"https:\/\/www.conselharan.org\/ca\/wp-json\/wp\/v2\/posts\/32264\/revisions"}],"predecessor-version":[{"id":32267,"href":"https:\/\/www.conselharan.org\/ca\/wp-json\/wp\/v2\/posts\/32264\/revisions\/32267"}],"wp:featuredmedia":[{"embeddable":true,"href":"https:\/\/www.conselharan.org\/ca\/wp-json\/wp\/v2\/media\/32261"}],"wp:attachment":[{"href":"https:\/\/www.conselharan.org\/ca\/wp-json\/wp\/v2\/media?parent=32264"}],"wp:term":[{"taxonomy":"category","embeddable":true,"href":"https:\/\/www.conselharan.org\/ca\/wp-json\/wp\/v2\/categories?post=32264"},{"taxonomy":"post_tag","embeddable":true,"href":"https:\/\/www.conselharan.org\/ca\/wp-json\/wp\/v2\/tags?post=32264"}],"curies":[{"name":"wp","href":"https:\/\/api.w.org\/{rel}","templated":true}]}}