{"id":32281,"date":"2020-02-19T17:22:38","date_gmt":"2020-02-19T16:22:38","guid":{"rendered":"https:\/\/www.conselharan.org\/eth-conselh-acorde-damb-era-secretaria-de-politiques-digitaus-quera-fibra-optica-arribe-a-aran-tres-ans-abantes-de-co-quere-previst\/"},"modified":"2020-02-19T17:23:51","modified_gmt":"2020-02-19T16:23:51","slug":"eth-conselh-acorde-damb-era-secretaria-de-politiques-digitaus-quera-fibra-optica-arribe-a-aran-tres-ans-abantes-de-co-quere-previst","status":"publish","type":"post","link":"https:\/\/www.conselharan.org\/ca\/eth-conselh-acorde-damb-era-secretaria-de-politiques-digitaus-quera-fibra-optica-arribe-a-aran-tres-ans-abantes-de-co-quere-previst\/","title":{"rendered":"El Conselh acorda amb la Secretaria de Pol\u00edtiques Digitals que la fibra \u00f2ptica arribi a Aran tres anys abans del previst"},"content":{"rendered":"<p><a href=\"https:\/\/www.conselharan.org\/wp-content\/uploads\/2020\/02\/Amassada-Politiques-Digitals.jpeg\"><img loading=\"lazy\" decoding=\"async\" class=\"aligncenter wp-image-32277 size-large\" src=\"https:\/\/www.conselharan.org\/wp-content\/uploads\/2020\/02\/Amassada-Politiques-Digitals-1024x768.jpeg\" alt=\"\" width=\"1024\" height=\"768\" srcset=\"https:\/\/www.conselharan.org\/wp-content\/uploads\/2020\/02\/Amassada-Politiques-Digitals-1024x768.jpeg 1024w, https:\/\/www.conselharan.org\/wp-content\/uploads\/2020\/02\/Amassada-Politiques-Digitals-300x225.jpeg 300w, https:\/\/www.conselharan.org\/wp-content\/uploads\/2020\/02\/Amassada-Politiques-Digitals-768x576.jpeg 768w, https:\/\/www.conselharan.org\/wp-content\/uploads\/2020\/02\/Amassada-Politiques-Digitals.jpeg 1600w\" sizes=\"(max-width: 1024px) 100vw, 1024px\" \/><\/a><\/p>\n<ul>\n<li>\n<h3><strong>Pel govern aran\u00e8s aquest era un tema prioritari i, gr\u00e0cies al treball dut a terme pel s\u00edndic d\u2019Aran amb la Secretaria General de Pol\u00edtiques Digitals i Administraci\u00f3 P\u00fablica de la Generalitat, s\u2019ha aconseguit un avan\u00e7 digital i tecnol\u00f2gic de molta import\u00e0ncia pel territori<\/strong><\/h3>\n<\/li>\n<\/ul>\n<p>El s\u00edndic d\u2019Aran, Franc\u00e9s Boya, i els alcaldes dels municipis aranesos s\u2019han reunit avui amb el secretari general de Pol\u00edtiques Digitals i Administraci\u00f3 P\u00fablica, Xavier Gatius i Garriga. Durant aquesta reuni\u00f3 s\u2019ha anunciat que la fibra \u00f2ptica p\u00fablica arribar\u00e0 a l\u2019Aran durant els mesos de setembre o octubre d\u2019enguany, tres anys abans del que establien les previsions de desplegament.<\/p>\n<p>L\u2019arribada de la fibra \u00f2ptica, segons ha explicat el s\u00edndic d\u2019Aran, \u201cpermetr\u00e0 tenir compet\u00e8ncia entre les operadores de tal manera que el preu de la connexi\u00f3 ser\u00e0 m\u00e9s barat i permetr\u00e0 tamb\u00e9 tenir totes les prestacions del 4G i 5G quan estigui disponible la tecnologia\u201d, i ha afegit que \u201caquest avan\u00e7 obre un nou paradigma des del punt de vista de l\u2019economia i de la capacitat de que empreses innovadores que necessitin aquest tipus d\u2019infraestructura tecnol\u00f2gica per poder-se desenvolupar es puguin establir a l\u2019Aran\u201d.<\/p>\n<p>La Generalitat de Catalunya realitzar\u00e0 una inversi\u00f3 de al voltant dels 2,5 milions d\u2019euros per a l\u2019obra de connexi\u00f3 que anir\u00e0 d\u2019Esterri fins a Vielha. Per la seva part, el govern aran\u00e8s assumir\u00e0 les despeses dels treballs per fer arribar aquest servei fins a Les i connectar-la amb la fibra francesa, de forma que tindrem una fibra redundant i, per tant, no estar\u00e0 exposada als problemes de talls que s\u2019han viscut fins ara.<\/p>\n<p>La connexi\u00f3 amb Fran\u00e7a es dur\u00e0 a terme a trav\u00e9s del projecte Transgarona, el cam\u00ed que transcorrer\u00e0 al voltant del riu Garona ajuntant el nostre territori amb Fran\u00e7a i que ara est\u00e0 en fase de licitaci\u00f3.<\/p>\n ","protected":false},"excerpt":{"rendered":"<p>Pel govern aran\u00e8s aquest era un tema prioritari i, gr\u00e0cies al treball dut a terme pel s\u00edndic d\u2019Aran amb la Secretaria General de Pol\u00edtiques Digitals i Administraci\u00f3 P\u00fablica de la Generalitat, s\u2019ha aconseguit un avan\u00e7 digital i tecnol\u00f2gic de molta import\u00e0ncia pel territori El s\u00edndic d\u2019Aran, Franc\u00e9s Boya, i els alcaldes dels municipis aranesos s\u2019han&#8230;<\/p>\n","protected":false},"author":10,"featured_media":32278,"comment_status":"closed","ping_status":"closed","sticky":false,"template":"","format":"standard","meta":{"footnotes":""},"categories":[53],"tags":[863],"_links":{"self":[{"href":"https:\/\/www.conselharan.org\/ca\/wp-json\/wp\/v2\/posts\/32281"}],"collection":[{"href":"https:\/\/www.conselharan.org\/ca\/wp-json\/wp\/v2\/posts"}],"about":[{"href":"https:\/\/www.conselharan.org\/ca\/wp-json\/wp\/v2\/types\/post"}],"author":[{"embeddable":true,"href":"https:\/\/www.conselharan.org\/ca\/wp-json\/wp\/v2\/users\/10"}],"replies":[{"embeddable":true,"href":"https:\/\/www.conselharan.org\/ca\/wp-json\/wp\/v2\/comments?post=32281"}],"version-history":[{"count":1,"href":"https:\/\/www.conselharan.org\/ca\/wp-json\/wp\/v2\/posts\/32281\/revisions"}],"predecessor-version":[{"id":32283,"href":"https:\/\/www.conselharan.org\/ca\/wp-json\/wp\/v2\/posts\/32281\/revisions\/32283"}],"wp:featuredmedia":[{"embeddable":true,"href":"https:\/\/www.conselharan.org\/ca\/wp-json\/wp\/v2\/media\/32278"}],"wp:attachment":[{"href":"https:\/\/www.conselharan.org\/ca\/wp-json\/wp\/v2\/media?parent=32281"}],"wp:term":[{"taxonomy":"category","embeddable":true,"href":"https:\/\/www.conselharan.org\/ca\/wp-json\/wp\/v2\/categories?post=32281"},{"taxonomy":"post_tag","embeddable":true,"href":"https:\/\/www.conselharan.org\/ca\/wp-json\/wp\/v2\/tags?post=32281"}],"curies":[{"name":"wp","href":"https:\/\/api.w.org\/{rel}","templated":true}]}}