{"id":32370,"date":"2020-02-25T15:04:35","date_gmt":"2020-02-25T14:04:35","guid":{"rendered":"https:\/\/www.conselharan.org\/eth-conselh-generau-organize-amassa-damb-er-icd-ua-formacion-enta-cargues-electes-sus-perspectiva-de-genre-enes-politiques-publiques\/"},"modified":"2020-02-26T08:57:25","modified_gmt":"2020-02-26T07:57:25","slug":"eth-conselh-generau-organize-amassa-damb-er-icd-ua-formacion-enta-cargues-electes-sus-perspectiva-de-genre-enes-politiques-publiques","status":"publish","type":"post","link":"https:\/\/www.conselharan.org\/ca\/eth-conselh-generau-organize-amassa-damb-er-icd-ua-formacion-enta-cargues-electes-sus-perspectiva-de-genre-enes-politiques-publiques\/","title":{"rendered":"El Conselh Generau organitza juntament amb l\u2019ICD una formaci\u00f3 per a c\u00e0rrecs electes sobre perspectiva de g\u00e8nere en les pol\u00edtiques p\u00fabliques"},"content":{"rendered":"<p><a href=\"https:\/\/www.conselharan.org\/wp-content\/uploads\/2020\/02\/Perspectiva-de-genre-2.jpeg\"><img loading=\"lazy\" decoding=\"async\" class=\"aligncenter wp-image-32368 size-large\" src=\"https:\/\/www.conselharan.org\/wp-content\/uploads\/2020\/02\/Perspectiva-de-genre-2-1024x768.jpeg\" alt=\"\" width=\"1024\" height=\"768\" srcset=\"https:\/\/www.conselharan.org\/wp-content\/uploads\/2020\/02\/Perspectiva-de-genre-2.jpeg 1024w, https:\/\/www.conselharan.org\/wp-content\/uploads\/2020\/02\/Perspectiva-de-genre-2-300x225.jpeg 300w, https:\/\/www.conselharan.org\/wp-content\/uploads\/2020\/02\/Perspectiva-de-genre-2-768x576.jpeg 768w\" sizes=\"(max-width: 1024px) 100vw, 1024px\" \/><\/a><\/p>\n<ul>\n<li>\n<h3><strong>Aquesta jornada s\u2019incorpora dintre d\u2019un ampli ventall d\u2019activitats que el govern del Conselh Generau d\u2019Aran t\u00e9 previst per commemorar el Dia Internacional de la Dona, que tindr\u00e0 lloc el pr\u00f2xim 8 de mar\u00e7, el programa del qual es presentar\u00e0 en els pr\u00f2xims dies<\/strong><\/h3>\n<\/li>\n<\/ul>\n<p>El Conselh Generau d\u2019Aran ha acollit avui la formaci\u00f3 \u201cLa perspectiva de g\u00e8nere, estrat\u00e8gia per dissenyar les pol\u00edtiques p\u00fabliques en el segle XXI\u201d, un col\u00b7loqui que ha presentat la vices\u00edndica primera i consellera d\u2019Igualtat, Salut i Benestar, Maria Verg\u00e9s. Han assistit representants del CGA i alcaldes, alcaldesses i altres representants dels ajuntaments i EMD d\u2019Aran.<\/p>\n<p>Aquesta activitat anava dirigida als c\u00e0rrecs electes i pretenia informar i formar sobre la perspectiva de g\u00e8nere i la necessitat d\u2019implementar pol\u00edtiques espec\u00edfiques per prevenir i actuar contra la viol\u00e8ncia de g\u00e8nere, les desigualtats i discriminacions i donar assist\u00e8ncia als col\u00b7lectius de dones que tenen majors dificultats per l\u2019exist\u00e8ncia de desigualtats estructurals de g\u00e8nere en la societat.<\/p>\n<p>S\u2019ha parlat tamb\u00e9 de la necessitat d\u2019incorporar la perspectiva de g\u00e8nere en tota pol\u00edtica o servei p\u00fablic i fer-lo des d\u2019un enfocament interseccional, \u00e9s a dir, que tingui en compte totes les desigualtats que puguin ser importants en cada \u00e0rea especifica com, per exemple, l\u2019edat, l\u2019origen, l\u2019orientaci\u00f3 sexual, la classe social&#8230;<\/p>\n<p>Aquesta formaci\u00f3 \u00e9s la primera acci\u00f3 de tots els actes que s\u2019han previst per la commemoraci\u00f3 del Dia Internacional de la Dona, que \u00e9s el pr\u00f2xim diumenge, 8 de mar\u00e7, i entre els quals hi haur\u00e0 un ampli ventall d\u2019activitats dirigides a totes les persones que vulguin participar.<\/p>\n<p><a href=\"https:\/\/www.conselharan.org\/wp-content\/uploads\/2020\/02\/Perspectiva-de-genre-1.jpeg\"><img loading=\"lazy\" decoding=\"async\" class=\"aligncenter wp-image-32367 size-large\" src=\"https:\/\/www.conselharan.org\/wp-content\/uploads\/2020\/02\/Perspectiva-de-genre-1-1024x768.jpeg\" alt=\"\" width=\"1024\" height=\"768\" srcset=\"https:\/\/www.conselharan.org\/wp-content\/uploads\/2020\/02\/Perspectiva-de-genre-1.jpeg 1024w, https:\/\/www.conselharan.org\/wp-content\/uploads\/2020\/02\/Perspectiva-de-genre-1-300x225.jpeg 300w, https:\/\/www.conselharan.org\/wp-content\/uploads\/2020\/02\/Perspectiva-de-genre-1-768x576.jpeg 768w\" sizes=\"(max-width: 1024px) 100vw, 1024px\" \/><\/a><\/p>\n ","protected":false},"excerpt":{"rendered":"<p>Aquesta jornada s\u2019incorpora dintre d\u2019un ampli ventall d\u2019activitats que el govern del Conselh Generau d\u2019Aran t\u00e9 previst per commemorar el Dia Internacional de la Dona, que tindr\u00e0 lloc el pr\u00f2xim 8 de mar\u00e7, el programa del qual es presentar\u00e0 en els pr\u00f2xims dies El Conselh Generau d\u2019Aran ha acollit avui la formaci\u00f3 \u201cLa perspectiva de&#8230;<\/p>\n","protected":false},"author":10,"featured_media":32377,"comment_status":"closed","ping_status":"closed","sticky":false,"template":"","format":"standard","meta":{"footnotes":""},"categories":[53],"tags":[875,876],"_links":{"self":[{"href":"https:\/\/www.conselharan.org\/ca\/wp-json\/wp\/v2\/posts\/32370"}],"collection":[{"href":"https:\/\/www.conselharan.org\/ca\/wp-json\/wp\/v2\/posts"}],"about":[{"href":"https:\/\/www.conselharan.org\/ca\/wp-json\/wp\/v2\/types\/post"}],"author":[{"embeddable":true,"href":"https:\/\/www.conselharan.org\/ca\/wp-json\/wp\/v2\/users\/10"}],"replies":[{"embeddable":true,"href":"https:\/\/www.conselharan.org\/ca\/wp-json\/wp\/v2\/comments?post=32370"}],"version-history":[{"count":1,"href":"https:\/\/www.conselharan.org\/ca\/wp-json\/wp\/v2\/posts\/32370\/revisions"}],"predecessor-version":[{"id":32372,"href":"https:\/\/www.conselharan.org\/ca\/wp-json\/wp\/v2\/posts\/32370\/revisions\/32372"}],"wp:featuredmedia":[{"embeddable":true,"href":"https:\/\/www.conselharan.org\/ca\/wp-json\/wp\/v2\/media\/32377"}],"wp:attachment":[{"href":"https:\/\/www.conselharan.org\/ca\/wp-json\/wp\/v2\/media?parent=32370"}],"wp:term":[{"taxonomy":"category","embeddable":true,"href":"https:\/\/www.conselharan.org\/ca\/wp-json\/wp\/v2\/categories?post=32370"},{"taxonomy":"post_tag","embeddable":true,"href":"https:\/\/www.conselharan.org\/ca\/wp-json\/wp\/v2\/tags?post=32370"}],"curies":[{"name":"wp","href":"https:\/\/api.w.org\/{rel}","templated":true}]}}