{"id":32392,"date":"2020-02-26T19:26:56","date_gmt":"2020-02-26T18:26:56","guid":{"rendered":"https:\/\/www.conselharan.org\/aran-implemente-en-airau-sanitari-eth-protocol-dactuacion-deuant-deth-coronavirus\/"},"modified":"2020-02-26T19:29:03","modified_gmt":"2020-02-26T18:29:03","slug":"aran-implemente-en-airau-sanitari-eth-protocol-dactuacion-deuant-deth-coronavirus","status":"publish","type":"post","link":"https:\/\/www.conselharan.org\/ca\/aran-implemente-en-airau-sanitari-eth-protocol-dactuacion-deuant-deth-coronavirus\/","title":{"rendered":"Aran implementa en l&#8217;\u00e0mbit sanitari el protocol d&#8217;actuaci\u00f3 davant el coronavirus"},"content":{"rendered":"<p><a href=\"https:\/\/www.conselharan.org\/wp-content\/uploads\/2020\/02\/Amassada-coordinacion-protocol-coronavirus.jpeg\"><img loading=\"lazy\" decoding=\"async\" class=\"aligncenter wp-image-32390 size-large\" src=\"https:\/\/www.conselharan.org\/wp-content\/uploads\/2020\/02\/Amassada-coordinacion-protocol-coronavirus-1024x768.jpeg\" alt=\"\" width=\"1024\" height=\"768\" srcset=\"https:\/\/www.conselharan.org\/wp-content\/uploads\/2020\/02\/Amassada-coordinacion-protocol-coronavirus.jpeg 1024w, https:\/\/www.conselharan.org\/wp-content\/uploads\/2020\/02\/Amassada-coordinacion-protocol-coronavirus-300x225.jpeg 300w, https:\/\/www.conselharan.org\/wp-content\/uploads\/2020\/02\/Amassada-coordinacion-protocol-coronavirus-768x576.jpeg 768w\" sizes=\"(max-width: 1024px) 100vw, 1024px\" \/><\/a><\/p>\n<ul>\n<li>\n<h3><strong>Despr\u00e9s de la confirmaci\u00f3 de dos casos a Catalunya, Aran es disposa a posar en funcionament el protocol establert pel Departament de Salut de la Generalitat, que defineix la manera de procedir per part del personal sanitari davant aquests casos<\/strong><\/h3>\n<\/li>\n<\/ul>\n<p><strong>Aquest mat\u00ed, la\u00a0vices\u00edndica\u00a0i consellera d&#8217;Igualtat, Salut i Benestar, Maria Verg\u00e9s, ha participat en la reuni\u00f3 de coordinaci\u00f3 dels diferents representants dels \u00e0mbits assistencials i de gesti\u00f3 d&#8217;Aran\u00a0Salut\u00a0i de\u00a0Pompi\u00e8rs-Emerg\u00e9ncies\u00a0per a coordinar la implementaci\u00f3 del protocol d&#8217;actuaci\u00f3 davant el nou\u00a0coronavirus.<\/strong><\/p>\n<p>Aquest protocol ha estat elaborat per l&#8217;Ag\u00e8ncia de Salut P\u00fablica de Catalunya (ASPC)\u00a0a trav\u00e9s de la subdirecci\u00f3 General de Vigil\u00e0ncia i Resposta a Emerg\u00e8ncies de Salut P\u00fablica, que t\u00e9 la compet\u00e8ncia en aquesta tipus d&#8217;assumptes. Aquest procediment a seguir es basa en l&#8217;evid\u00e8ncia\u00a0cient\u00edfica, segueix les directrius de l&#8217;Organitzaci\u00f3 Mundial de la Salut (OMS) \u2013en coordinaci\u00f3 amb el Ministeri de Sanitat i la Xarxa de Vigil\u00e0ncia Epidemiol\u00f2gica Europea- i est\u00e0 obert a noves actualitzacions a mesura que hi hagi noves evid\u00e8ncies d&#8217;aquesta malaltia.<\/p>\n<p>Aix\u00ed mateix estableix de manera clara el circuit a seguir, que comen\u00e7a amb la notificaci\u00f3 per part d&#8217;un centre sanitari a la Xarxa de Vigil\u00e0ncia Epidemiol\u00f2gica de Catalunya de l&#8217;exist\u00e8ncia o sospita d&#8217;un cas, i at\u00e8s un conjunt de criteris epidemiol\u00f2gics i cl\u00ednics, Salut P\u00fablica (Generalitat de Catalunya) declara l&#8217;alerta o no. Les proves efectuades en el laboratori de suport a la vigil\u00e0ncia epidemiol\u00f2gica descartaran o confirmaran el cas: si \u00e9s positiu, seguiran les mesures de prevenci\u00f3 i control, com l&#8217;a\u00efllament de la persona i el seguiment dels seus contactes. En tots els casos, els serveis sanitaris li proporcionarien les indicacions necess\u00e0ries.<\/p>\n<p>\u201c<strong>Pel que fa a la Val d&#8217;Aran, volem donar un missatge de tranquil\u00b7litat a la poblaci\u00f3 perqu\u00e8 no hi ha motius per a alarmar-se<\/strong>\u201d, declarava la consellera Verg\u00e9s, que afegia que: \u201c<strong>els nostres professionals sanitaris tenen tota la informaci\u00f3 sobre aquest tema sobre com procedir i el contacte amb el departament de salut de la\u00a0Generalitat\u00a0\u00e9s constant<\/strong>\u201d.<\/p>\n<p>Per a m\u00e9s informaci\u00f3 es pot consultar la p\u00e0gina web de l&#8217;Ag\u00e8ncia Catalana de la Salut P\u00fablica: <strong>http:\/\/salutpublica.gencat.cat\/ca\/inici\/<\/strong><\/p>\n<p>&nbsp;<\/p>\n ","protected":false},"excerpt":{"rendered":"<p>Despr\u00e9s de la confirmaci\u00f3 de dos casos a Catalunya, Aran es disposa a posar en funcionament el protocol establert pel Departament de Salut de la Generalitat, que defineix la manera de procedir per part del personal sanitari davant aquests casos Aquest mat\u00ed, la\u00a0vices\u00edndica\u00a0i consellera d&#8217;Igualtat, Salut i Benestar, Maria Verg\u00e9s, ha participat en la reuni\u00f3&#8230;<\/p>\n","protected":false},"author":10,"featured_media":32395,"comment_status":"closed","ping_status":"closed","sticky":false,"template":"","format":"standard","meta":{"footnotes":""},"categories":[33,805],"tags":[880,618,174],"_links":{"self":[{"href":"https:\/\/www.conselharan.org\/ca\/wp-json\/wp\/v2\/posts\/32392"}],"collection":[{"href":"https:\/\/www.conselharan.org\/ca\/wp-json\/wp\/v2\/posts"}],"about":[{"href":"https:\/\/www.conselharan.org\/ca\/wp-json\/wp\/v2\/types\/post"}],"author":[{"embeddable":true,"href":"https:\/\/www.conselharan.org\/ca\/wp-json\/wp\/v2\/users\/10"}],"replies":[{"embeddable":true,"href":"https:\/\/www.conselharan.org\/ca\/wp-json\/wp\/v2\/comments?post=32392"}],"version-history":[{"count":2,"href":"https:\/\/www.conselharan.org\/ca\/wp-json\/wp\/v2\/posts\/32392\/revisions"}],"predecessor-version":[{"id":32396,"href":"https:\/\/www.conselharan.org\/ca\/wp-json\/wp\/v2\/posts\/32392\/revisions\/32396"}],"wp:featuredmedia":[{"embeddable":true,"href":"https:\/\/www.conselharan.org\/ca\/wp-json\/wp\/v2\/media\/32395"}],"wp:attachment":[{"href":"https:\/\/www.conselharan.org\/ca\/wp-json\/wp\/v2\/media?parent=32392"}],"wp:term":[{"taxonomy":"category","embeddable":true,"href":"https:\/\/www.conselharan.org\/ca\/wp-json\/wp\/v2\/categories?post=32392"},{"taxonomy":"post_tag","embeddable":true,"href":"https:\/\/www.conselharan.org\/ca\/wp-json\/wp\/v2\/tags?post=32392"}],"curies":[{"name":"wp","href":"https:\/\/api.w.org\/{rel}","templated":true}]}}