{"id":32457,"date":"2020-02-27T14:49:32","date_gmt":"2020-02-27T13:49:32","guid":{"rendered":"https:\/\/www.conselharan.org\/eth-conselh-generau-daran-implemente-era-remassada-porta-a-porta-de-carton-entas-negocis-de-les-e-bossost\/"},"modified":"2020-02-27T14:52:26","modified_gmt":"2020-02-27T13:52:26","slug":"eth-conselh-generau-daran-implemente-era-remassada-porta-a-porta-de-carton-entas-negocis-de-les-e-bossost","status":"publish","type":"post","link":"https:\/\/www.conselharan.org\/ca\/eth-conselh-generau-daran-implemente-era-remassada-porta-a-porta-de-carton-entas-negocis-de-les-e-bossost\/","title":{"rendered":"El Conselh Generau d\u2019Aran implementa la recollida porta a porta de cartr\u00f3 pels negocis de Les i Boss\u00f2st"},"content":{"rendered":"<p><a href=\"https:\/\/www.conselharan.org\/wp-content\/uploads\/2020\/02\/Camionet-carton.jpeg\"><img loading=\"lazy\" decoding=\"async\" class=\"aligncenter wp-image-32455 size-large\" src=\"https:\/\/www.conselharan.org\/wp-content\/uploads\/2020\/02\/Camionet-carton-1024x765.jpeg\" alt=\"\" width=\"1024\" height=\"765\" srcset=\"https:\/\/www.conselharan.org\/wp-content\/uploads\/2020\/02\/Camionet-carton-1024x765.jpeg 1024w, https:\/\/www.conselharan.org\/wp-content\/uploads\/2020\/02\/Camionet-carton-300x224.jpeg 300w, https:\/\/www.conselharan.org\/wp-content\/uploads\/2020\/02\/Camionet-carton-768x574.jpeg 768w, https:\/\/www.conselharan.org\/wp-content\/uploads\/2020\/02\/Camionet-carton.jpeg 1296w\" sizes=\"(max-width: 1024px) 100vw, 1024px\" \/><\/a><\/p>\n<ul>\n<li>\n<h3><strong>Aquest servei, que ja es duu a terme als negocis de Vielha i Mijaran i que comen\u00e7ar\u00e0 a funcionar aquest divendres en Boss\u00f2st e Les, t\u00e9 com a objectiu deixar les illes dels contenidors a disposici\u00f3 completa dels usuaris d\u2019aquests municipis<\/strong><\/h3>\n<\/li>\n<\/ul>\n<p>El govern del Conselh Generau d\u2019Aran, implementar\u00e0 a partir d\u2019aquesta setmana la recollida de paper i cartr\u00f3 porta a porta pels establiments dels pobles de Boss\u00f2st i Les.<\/p>\n<p>El conseller de Territori, Paisatge i Gesti\u00f3 Ambiental, Oriol Sala, ha informat que aquest servei \u201ces dur\u00e0 a terme els divendres per la tarda, a partir de les 15:00 hores, i els establiments que vulguin participar hauran de deixar les caixes al carrer, al costat de la seva porta, degudament plegades i sense pl\u00e0stics ni qualsevol residu\u201d. I ha afegit que , \u201caquesta nova iniciativa de recollida de paper i cartr\u00f3 t\u00e9 com a objectiu deixar les illes de contenidors a disposici\u00f3 complerta dels usuaris, aix\u00ed com facilitar el reciclatge\u201d.<\/p>\n<p>Des del govern del Conselh Generau d\u2019Aran es vol fer inc\u00eds en la necessitat de millorar les dades de reciclatge, que el passat 2019 van ser d\u2019un 24,64% en la selectiva (lluny del 41,80% de la mitjana catal\u00e0 i encara m\u00e9s del 50% que estableix la Comissi\u00f3 Europea per l\u2019any 2020) i un 4,82% de l\u2019org\u00e0nica.<\/p>\n<p>Els hotels, restaurants i comer\u00e7os de Les i Boss\u00f2st que vulguin afegir-se a \u00a0aquesta iniciativa, hauran d\u2019enviar un correu electr\u00f2nic a l\u2019adre\u00e7a <a href=\"mailto:residus@aran.org\">residus@aran.org<\/a> o b\u00e9 telefonar al 973641801, indicant el nom de l\u2019establiment, el tipus de negoci i l\u2019adre\u00e7a.<\/p>\n<p>&nbsp;<\/p>\n ","protected":false},"excerpt":{"rendered":"<p>Aquest servei, que ja es duu a terme als negocis de Vielha i Mijaran i que comen\u00e7ar\u00e0 a funcionar aquest divendres en Boss\u00f2st e Les, t\u00e9 com a objectiu deixar les illes dels contenidors a disposici\u00f3 completa dels usuaris d\u2019aquests municipis El govern del Conselh Generau d\u2019Aran, implementar\u00e0 a partir d\u2019aquesta setmana la recollida de&#8230;<\/p>\n","protected":false},"author":10,"featured_media":32460,"comment_status":"closed","ping_status":"closed","sticky":false,"template":"","format":"standard","meta":{"footnotes":""},"categories":[127,33],"tags":[],"_links":{"self":[{"href":"https:\/\/www.conselharan.org\/ca\/wp-json\/wp\/v2\/posts\/32457"}],"collection":[{"href":"https:\/\/www.conselharan.org\/ca\/wp-json\/wp\/v2\/posts"}],"about":[{"href":"https:\/\/www.conselharan.org\/ca\/wp-json\/wp\/v2\/types\/post"}],"author":[{"embeddable":true,"href":"https:\/\/www.conselharan.org\/ca\/wp-json\/wp\/v2\/users\/10"}],"replies":[{"embeddable":true,"href":"https:\/\/www.conselharan.org\/ca\/wp-json\/wp\/v2\/comments?post=32457"}],"version-history":[{"count":2,"href":"https:\/\/www.conselharan.org\/ca\/wp-json\/wp\/v2\/posts\/32457\/revisions"}],"predecessor-version":[{"id":32461,"href":"https:\/\/www.conselharan.org\/ca\/wp-json\/wp\/v2\/posts\/32457\/revisions\/32461"}],"wp:featuredmedia":[{"embeddable":true,"href":"https:\/\/www.conselharan.org\/ca\/wp-json\/wp\/v2\/media\/32460"}],"wp:attachment":[{"href":"https:\/\/www.conselharan.org\/ca\/wp-json\/wp\/v2\/media?parent=32457"}],"wp:term":[{"taxonomy":"category","embeddable":true,"href":"https:\/\/www.conselharan.org\/ca\/wp-json\/wp\/v2\/categories?post=32457"},{"taxonomy":"post_tag","embeddable":true,"href":"https:\/\/www.conselharan.org\/ca\/wp-json\/wp\/v2\/tags?post=32457"}],"curies":[{"name":"wp","href":"https:\/\/api.w.org\/{rel}","templated":true}]}}