{"id":32635,"date":"2020-03-10T15:47:12","date_gmt":"2020-03-10T14:47:12","guid":{"rendered":"https:\/\/www.conselharan.org\/?p=32635"},"modified":"2020-03-10T15:47:12","modified_gmt":"2020-03-10T14:47:12","slug":"el-sindic-daran-es-reuneix-amb-el-president-del-comite-olimpic-espanyol","status":"publish","type":"post","link":"https:\/\/www.conselharan.org\/ca\/el-sindic-daran-es-reuneix-amb-el-president-del-comite-olimpic-espanyol\/","title":{"rendered":"El s\u00edndic d&#8217;Aran es reuneix amb el president del Comit\u00e8 Ol\u00edmpic Espanyol"},"content":{"rendered":"<p><a href=\"https:\/\/www.conselharan.org\/wp-content\/uploads\/2020\/03\/Visita-J\u00f2cs-Olimpics.jpeg\"><img loading=\"lazy\" decoding=\"async\" class=\"aligncenter wp-image-32640 size-large\" src=\"https:\/\/www.conselharan.org\/wp-content\/uploads\/2020\/03\/Visita-J\u00f2cs-Olimpics-1024x703.jpeg\" alt=\"\" width=\"1024\" height=\"703\" srcset=\"https:\/\/www.conselharan.org\/wp-content\/uploads\/2020\/03\/Visita-J\u00f2cs-Olimpics-1024x703.jpeg 1024w, https:\/\/www.conselharan.org\/wp-content\/uploads\/2020\/03\/Visita-J\u00f2cs-Olimpics-300x206.jpeg 300w, https:\/\/www.conselharan.org\/wp-content\/uploads\/2020\/03\/Visita-J\u00f2cs-Olimpics-768x528.jpeg 768w, https:\/\/www.conselharan.org\/wp-content\/uploads\/2020\/03\/Visita-J\u00f2cs-Olimpics.jpeg 1600w\" sizes=\"(max-width: 1024px) 100vw, 1024px\" \/><\/a><\/p>\n<ul>\n<li>\n<h3><strong>Durant la trobada el s\u00edndic d&#8217;Aran i el president del COE han tractat diversos assumptes relacionats amb la candidatura ol\u00edmpica Pirineus-Barcelona 2030, sobre la qual el govern aran\u00e8s presentar\u00e0 dem\u00e0 una moci\u00f3 en el Ple del Conselh Generau d&#8217;Aran per a manifestar el suport a aquesta candidatura i demanar la inclusi\u00f3 d&#8217;Aran com a subseu organitzadora de proves de neu<\/strong><\/h3>\n<\/li>\n<\/ul>\n<p><strong>El s\u00edndic d&#8217;Aran, Franc\u00e9s Boya, s&#8217;ha reunit aquest mat\u00ed a Madrid amb el president del Comit\u00e8 Ol\u00edmpic Espanyol (COE), Alejandro Blanco<\/strong>, per a tractar de primera m\u00e0 diferents assumptes relacionats amb la <strong>candidatura ol\u00edmpica Pirineus-Barcelona 2030<\/strong>.<\/p>\n<p>\u201c<strong>Aquests Jocs Ol\u00edmpics i Paral\u00edmpics d&#8217;Hivern s\u00f3n de gran import\u00e0ncia per a la Val d&#8217;Aran per l&#8217;impacte i repercussi\u00f3 que tindrien per al desenvolupament econ\u00f2mic i social del nostre territori<\/strong>\u201d, afirma el s\u00edndic d&#8217;Aran, que afegeix que \u201cels Jocs Ol\u00edmpics de 2030 seran els primers d&#8217;una nova etapa aprovada pel Comit\u00e8 Ol\u00edmpic Internacional (COI) i Pirineus-Barcelona s&#8217;ofereix per a experimentar aquest nou format de Jocs Ol\u00edmpics capa\u00e7os d&#8217;inspirar i transformar la societat, especialment als joves\u201d.<\/p>\n<p>Aix\u00ed mateix, el s\u00edndic tamb\u00e9 ha manifestat que \u201c<strong>la import\u00e0ncia d&#8217;aquests Jocs resideix tamb\u00e9 en qu\u00e8 tenen com a base fonamental el respecte al medi ambient, l&#8217;equilibri territorial i la lluita contra el despoblament<\/strong>\u201d.<\/p>\n<p>El COI ja ha donat llum verda al projecte Pirinencs-Barcelona i ha iniciat una fase de di\u00e0leg, deixant clar que el territori i la proposta compleixen amb la seva Agenda 2020 en el que fa a les condicions per a convertir-se en seu dels Jocs Ol\u00edmpics de 2030.<\/p>\n<p>Per aix\u00f2, <strong>el govern del Conselh Generau d\u2019Aran presentar\u00e0 dem\u00e0 en el Ple una moci\u00f3 per a manifestar el suport de la instituci\u00f3 a la candidatura ol\u00edmpica de l&#8217;any 2030<\/strong> entre els territoris de Catalunya i Arag\u00f3 amb la <strong>inclusi\u00f3 d&#8217;Aran com a subseu organitzadora de les proves de neu<\/strong>, i constituir\u00e0 una Taula Aranesa amb els principals agents representatius del territori per a implicar-se en la construcci\u00f3 de la candidatura en clau aranesa.<\/p>\n<p>Amb aquesta moci\u00f3, <strong>el Conselh Generau cerca posar-se a la disposici\u00f3 dels responsables de la candidatura<\/strong> i far\u00e0 arribar aquest acord a la Diputaci\u00f3 de Lleida, l&#8217;Ajuntament de Barcelona, la Secretaria General de l&#8217;Esport, la Generalitat de Catalunya, el COE i el Govern Espanyol.<\/p>\n ","protected":false},"excerpt":{"rendered":"<p>Durant la trobada el s\u00edndic d&#8217;Aran i el president del COE han tractat diversos assumptes relacionats amb la candidatura ol\u00edmpica Pirineus-Barcelona 2030, sobre la qual el govern aran\u00e8s presentar\u00e0 dem\u00e0 una moci\u00f3 en el Ple del Conselh Generau d&#8217;Aran per a manifestar el suport a aquesta candidatura i demanar la inclusi\u00f3 d&#8217;Aran com a subseu&#8230;<\/p>\n","protected":false},"author":10,"featured_media":32640,"comment_status":"closed","ping_status":"closed","sticky":false,"template":"","format":"standard","meta":{"footnotes":""},"categories":[53],"tags":[],"_links":{"self":[{"href":"https:\/\/www.conselharan.org\/ca\/wp-json\/wp\/v2\/posts\/32635"}],"collection":[{"href":"https:\/\/www.conselharan.org\/ca\/wp-json\/wp\/v2\/posts"}],"about":[{"href":"https:\/\/www.conselharan.org\/ca\/wp-json\/wp\/v2\/types\/post"}],"author":[{"embeddable":true,"href":"https:\/\/www.conselharan.org\/ca\/wp-json\/wp\/v2\/users\/10"}],"replies":[{"embeddable":true,"href":"https:\/\/www.conselharan.org\/ca\/wp-json\/wp\/v2\/comments?post=32635"}],"version-history":[{"count":2,"href":"https:\/\/www.conselharan.org\/ca\/wp-json\/wp\/v2\/posts\/32635\/revisions"}],"predecessor-version":[{"id":32643,"href":"https:\/\/www.conselharan.org\/ca\/wp-json\/wp\/v2\/posts\/32635\/revisions\/32643"}],"wp:featuredmedia":[{"embeddable":true,"href":"https:\/\/www.conselharan.org\/ca\/wp-json\/wp\/v2\/media\/32640"}],"wp:attachment":[{"href":"https:\/\/www.conselharan.org\/ca\/wp-json\/wp\/v2\/media?parent=32635"}],"wp:term":[{"taxonomy":"category","embeddable":true,"href":"https:\/\/www.conselharan.org\/ca\/wp-json\/wp\/v2\/categories?post=32635"},{"taxonomy":"post_tag","embeddable":true,"href":"https:\/\/www.conselharan.org\/ca\/wp-json\/wp\/v2\/tags?post=32635"}],"curies":[{"name":"wp","href":"https:\/\/api.w.org\/{rel}","templated":true}]}}