{"id":32768,"date":"2020-03-14T21:41:21","date_gmt":"2020-03-14T20:41:21","guid":{"rendered":"https:\/\/www.conselharan.org\/?p=32768"},"modified":"2020-04-07T14:17:29","modified_gmt":"2020-04-07T12:17:29","slug":"comunicat-del-conselh-generau-daran-mesures-covid-19-a-14-03-2020","status":"publish","type":"post","link":"https:\/\/www.conselharan.org\/ca\/comunicat-del-conselh-generau-daran-mesures-covid-19-a-14-03-2020\/","title":{"rendered":"COMUNICAT DEL CONSELH GENERAU D\u2019ARAN MESURES COVID-19 a 14\/03\/2020"},"content":{"rendered":"<p>&nbsp;<\/p>\n<p><a href=\"https:\/\/www.conselharan.org\/wp-content\/uploads\/2020\/03\/Perfil-2.jpg\"><img loading=\"lazy\" decoding=\"async\" class=\"aligncenter wp-image-32705 size-full\" src=\"https:\/\/www.conselharan.org\/wp-content\/uploads\/2020\/03\/Perfil-2.jpg\" alt=\"\" width=\"720\" height=\"720\" srcset=\"https:\/\/www.conselharan.org\/wp-content\/uploads\/2020\/03\/Perfil-2.jpg 720w, https:\/\/www.conselharan.org\/wp-content\/uploads\/2020\/03\/Perfil-2-300x300.jpg 300w, https:\/\/www.conselharan.org\/wp-content\/uploads\/2020\/03\/Perfil-2-150x150.jpg 150w, https:\/\/www.conselharan.org\/wp-content\/uploads\/2020\/03\/Perfil-2-270x270.jpg 270w, https:\/\/www.conselharan.org\/wp-content\/uploads\/2020\/03\/Perfil-2-207x207.jpg 207w, https:\/\/www.conselharan.org\/wp-content\/uploads\/2020\/03\/Perfil-2-75x75.jpg 75w\" sizes=\"(max-width: 720px) 100vw, 720px\" \/><\/a><\/p>\n<p>Davant la pand\u00e8mia causada pel Coronavirus COVID-19, el Govern de l&#8217;Estat ha decretat avui l&#8217;estat d&#8217;alarma a tot e pa\u00eds.<\/p>\n<p>&nbsp;<\/p>\n<p>Per aix\u00f2, el govern del Conselh Generau d\u2019Aran prega que tots els ciutadans i ciutadanes de la Val d&#8217;Aran compleixin, des d\u2019avui mateix, amb les noves mesures decretades pel Govern espanyol:<\/p>\n<p>&nbsp;<\/p>\n<p>1.\u00a0 \u00a0 Es limita la circulaci\u00f3 per les vies d&#8217;\u00fas p\u00fablic per a la realitzaci\u00f3 de les seg\u00fcents activitats:<\/p>\n<ul>\n<li>Adquisici\u00f3 d&#8217;aliments, productes farmac\u00e8utics i de primera necessitat.<\/li>\n<li>Assist\u00e8ncia a centres sanitaris.<\/li>\n<li>Despla\u00e7ament al lloc de treball.<\/li>\n<li>Retorn al lloc de resid\u00e8ncia habitual.<\/li>\n<li>Assist\u00e8ncia i cura de persones grans, menors, dependents, amb discapacitat o especialment vulnerables.<\/li>\n<li>Despla\u00e7ament a entitats financeres.<\/li>\n<li>Per causa de for\u00e7a major o situacions de necessitat.<\/li>\n<li>Qualsevol altra activitat degudament justificada.<\/li>\n<\/ul>\n<p>2.\u00a0 \u00a0 El Ministeri d&#8217;Interior pot acordar el tancament de carreteres o trams d&#8217;elles per motius de salut p\u00fablica, seguretat o flu\u00efdesa del tr\u00e0nsit.<\/p>\n<p>3.\u00a0 \u00a0 S&#8217;amplia el tancament de tots els establiments que no siguin de primera necessitat a tot l&#8217;\u00e0mbit nacional.<\/p>\n<p>4.\u00a0 \u00a0 Hi haur\u00e0 restricci\u00f3 als llocs de culte, tamb\u00e9 en all\u00f2 referent a enterraments i noces.<\/p>\n<p>5.\u00a0 \u00a0 Es refor\u00e7a el sistema de salut i tots els treballadors queden sota les ordres del Ministeri de Sanitat.<\/p>\n<p>6.\u00a0 \u00a0 S&#8217;estableixen mesures per a assegurar la protecci\u00f3 de b\u00e9ns i serveis i s&#8217;impartiran ordres per al prove\u00efment dels mercats.<\/p>\n<p>7.\u00a0 \u00a0 Referent al transport p\u00fablic, es reduir\u00e0 l&#8217;oferta total d&#8217;operacions entre un 40% i un 60%. En el cas dels autobusos, es redueixen en un 50%.<\/p>\n<p>8.\u00a0 \u00a0 Referent al tr\u00e0nsit duaner, les autoritats competents adoptaran les mesures necess\u00e0ries per a garantir el seu pas. S&#8217;atendr\u00e0 de manera priorit\u00e0ria els productes de primera necessitat.<\/p>\n<p>El govern aran\u00e8s demana al conjunt del territori la seva col\u00b7laboraci\u00f3 en l&#8217;adopci\u00f3 d&#8217;aquestes mesures de prevenci\u00f3 i contenci\u00f3 marcades pel Govern de l&#8217;Estat i la Generalitat de Catalunya, i recorda que \u00e9s necessari limitar al m\u00e0xim el contacte directe amb altres persones per a evitar possibles contagis.<\/p>\n<p>El govern del Conselh Generau d\u2019Aran continuar\u00e0 informant sobre l&#8217;evoluci\u00f3 d&#8217;aquestes mesures i de qualsevol novetat que es pugui produir.<\/p>\n ","protected":false},"excerpt":{"rendered":"<p>&nbsp; Davant la pand\u00e8mia causada pel Coronavirus COVID-19, el Govern de l&#8217;Estat ha decretat avui l&#8217;estat d&#8217;alarma a tot e pa\u00eds. &nbsp; Per aix\u00f2, el govern del Conselh Generau d\u2019Aran prega que tots els ciutadans i ciutadanes de la Val d&#8217;Aran compleixin, des d\u2019avui mateix, amb les noves mesures decretades pel Govern espanyol: &nbsp; 1.\u00a0&#8230;<\/p>\n","protected":false},"author":10,"featured_media":32706,"comment_status":"closed","ping_status":"closed","sticky":false,"template":"","format":"standard","meta":{"footnotes":""},"categories":[53],"tags":[],"_links":{"self":[{"href":"https:\/\/www.conselharan.org\/ca\/wp-json\/wp\/v2\/posts\/32768"}],"collection":[{"href":"https:\/\/www.conselharan.org\/ca\/wp-json\/wp\/v2\/posts"}],"about":[{"href":"https:\/\/www.conselharan.org\/ca\/wp-json\/wp\/v2\/types\/post"}],"author":[{"embeddable":true,"href":"https:\/\/www.conselharan.org\/ca\/wp-json\/wp\/v2\/users\/10"}],"replies":[{"embeddable":true,"href":"https:\/\/www.conselharan.org\/ca\/wp-json\/wp\/v2\/comments?post=32768"}],"version-history":[{"count":2,"href":"https:\/\/www.conselharan.org\/ca\/wp-json\/wp\/v2\/posts\/32768\/revisions"}],"predecessor-version":[{"id":32771,"href":"https:\/\/www.conselharan.org\/ca\/wp-json\/wp\/v2\/posts\/32768\/revisions\/32771"}],"wp:featuredmedia":[{"embeddable":true,"href":"https:\/\/www.conselharan.org\/ca\/wp-json\/wp\/v2\/media\/32706"}],"wp:attachment":[{"href":"https:\/\/www.conselharan.org\/ca\/wp-json\/wp\/v2\/media?parent=32768"}],"wp:term":[{"taxonomy":"category","embeddable":true,"href":"https:\/\/www.conselharan.org\/ca\/wp-json\/wp\/v2\/categories?post=32768"},{"taxonomy":"post_tag","embeddable":true,"href":"https:\/\/www.conselharan.org\/ca\/wp-json\/wp\/v2\/tags?post=32768"}],"curies":[{"name":"wp","href":"https:\/\/api.w.org\/{rel}","templated":true}]}}