{"id":3280,"date":"2014-04-02T16:43:04","date_gmt":"2014-04-02T14:43:04","guid":{"rendered":"http:\/\/www.conselharan.org\/?p=3280"},"modified":"2014-04-02T16:43:04","modified_gmt":"2014-04-02T14:43:04","slug":"reconeixement-de-linstitut-destudis-aranesi-com-academia-i-autoritat-linguistica-de-loccita-aranes-a-aran","status":"publish","type":"post","link":"https:\/\/www.conselharan.org\/ca\/reconeixement-de-linstitut-destudis-aranesi-com-academia-i-autoritat-linguistica-de-loccita-aranes-a-aran\/","title":{"rendered":"Reconeixement de l&#8217;Institut d&#8217;Estudis Aranesi com acad\u00e8mia i autoritat ling\u00fc\u00edstica de l&#8217;occit\u00e0, aran\u00e8s a Aran"},"content":{"rendered":"<p><a href=\"http:\/\/www.conselharan.org\/wp-content\/uploads\/2014\/04\/ACADEMIA.jpg\"><img loading=\"lazy\" decoding=\"async\" class=\"aligncenter size-large wp-image-3276\" alt=\"ACADEMIA\" src=\"http:\/\/www.conselharan.org\/wp-content\/uploads\/2014\/04\/ACADEMIA-1024x685.jpg\" width=\"1024\" height=\"685\" srcset=\"https:\/\/www.conselharan.org\/wp-content\/uploads\/2014\/04\/ACADEMIA-1024x685.jpg 1024w, https:\/\/www.conselharan.org\/wp-content\/uploads\/2014\/04\/ACADEMIA-300x200.jpg 300w\" sizes=\"(max-width: 1024px) 100vw, 1024px\" \/><\/a><\/p>\n<p>\u2022<strong> L&#8217;acte, que s\u2019ha realitzat en la seu del Conselh Generau d\u2019Aran, ha estat presidit pel s\u00edndic d\u2019Aran, Carlos Barrera, i ha comptat amb la pres\u00e8ncia del conseller de Cultura de la Generalitat de Catalunya, Ferran Mascarell, i del conseller de Just\u00edcia de la Generalitat de Catalunya, Germ\u00e0 Gord\u00f3. A l&#8217;acte tamb\u00e9 han assistit la directora general de Pol\u00edtica Ling\u00fc\u00edstica del govern catal\u00e0, Ester Franquesa, el cap de Pol\u00edtica Ling\u00fc\u00edstica d\u2019Aran, Jus\u00e8p Lo\u00eds Sans, aix\u00ed com conselh\u00e8rs del Conselh Generau d\u2019Aran, alcaldes d\u2019Aran, el cap de Cultura i Patrimoni d\u2019Aran i membres de l&#8217;IEA.<\/strong><\/p>\n<p>El passat mes de gener el Govern de la Generalitat de Catalunya, tal com preveu la Llei de l&#8217;Occit\u00e0, aran\u00e8s a l\u2019Aran, de l&#8217;any 2010, va aprovar el decret que atorga a l&#8217;Institut d\u2019Estudis Aranesi (IEA) el car\u00e0cter d\u2019Acad\u00e8mia i d\u2019autoritat ling\u00fc\u00edstica de l&#8217;occit\u00e0, aran\u00e8s a l\u2019Aran.<\/p>\n<p>L&#8217;objecte de l&#8217;Institut d\u2019Estudis Aranesi \u00e9s l&#8217;alta investigaci\u00f3 i estudi de l&#8217;aran\u00e8s i l&#8217;establiment dels criteris de norma, d\u2019acord amb els principis de la gram\u00e0tica occitana de Lo\u00eds Alib\u00e8rt i les Normes ortogr\u00e0fiques de l&#8217;aran\u00e8s, com part integrant de l&#8217;espai ling\u00fc\u00edstic i cultural occit\u00e0. Aix\u00ed mateix, ha de col\u2022laborar amb entitats acad\u00e8miques, de recerca o culturals reconegudes per les institucions p\u00fabliques de l&#8217;espai occit\u00e0, l&#8217;establiment de la norma ling\u00fc\u00edstica pel conjunt de la llengua occitana.<\/p>\n<p>Amb l&#8217;aprovaci\u00f3 del decret, l&#8217;Institut d\u2019Estudis Aranesi es converteix en el primer organisme de l&#8217;occit\u00e0 que t\u00e9 rang acad\u00e8mic. Aix\u00ed mateix, el decret investeix a l&#8217;Institut com autoritat per l&#8217;assessorament a Catalunya en la mat\u00e8ria de llengua aranesa, per les administracions p\u00fabliques i els organismes que en depenen, per als centres d\u2019Ensenyament p\u00fablic i privat i pels mitjans de comunicaci\u00f3 de titularitat p\u00fablica.<\/p>\n<p>En paraules del s\u00edndic d\u2019Aran, <strong>Carlos Barrera \u201camb l&#8217;aprovaci\u00f3 del Decret 12\/2014 de 21 de gener pel qual s\u2019entrega a l&#8217;Institut d\u2019Estudis Aranesi el car\u00e0cter d\u2019Acad\u00e8mia i d\u2019autoritat ling\u00fc\u00edstica de l&#8217;occit\u00e0, aran\u00e8s a l\u2019Aran, i oficial a Catalunya, s\u2019aconsegueix el m\u00e9s alt reconeixement per la nostra llengua i possibilita a l&#8217;Acad\u00e8mia, creada per voluntat del Govern de la Generalitat de Catalunya i el Conselh Generau d\u2019Aran, la perviv\u00e8ncia de la nostra llengua, l&#8217;aran\u00e8s\u201d.<\/strong><\/p>\n<p>L&#8217;Institut d\u2019Estudis Aranesi ser\u00e0 constitu\u00eft per 21 persones, de les quals 11 s\u00f3n els actuals membres de l&#8217;Institut d\u2019Estudis Aranesi, que haurien de ratificar la seva voluntat de continuar com a membres de l&#8217;Acad\u00e8mia i autoritat sobre la variant aranesa.<\/p>\n ","protected":false},"excerpt":{"rendered":"<p>\u2022 L&#8217;acte, que s\u2019ha realitzat en la seu del Conselh Generau d\u2019Aran, ha estat presidit pel s\u00edndic d\u2019Aran, Carlos Barrera, i ha comptat amb la pres\u00e8ncia del conseller de Cultura de la Generalitat de Catalunya, Ferran Mascarell, i del conseller de Just\u00edcia de la Generalitat de Catalunya, Germ\u00e0 Gord\u00f3. A l&#8217;acte tamb\u00e9 han assistit la&#8230;<\/p>\n","protected":false},"author":2,"featured_media":3276,"comment_status":"closed","ping_status":"closed","sticky":false,"template":"","format":"standard","meta":{"footnotes":""},"categories":[31,53,133,33,36],"tags":[],"_links":{"self":[{"href":"https:\/\/www.conselharan.org\/ca\/wp-json\/wp\/v2\/posts\/3280"}],"collection":[{"href":"https:\/\/www.conselharan.org\/ca\/wp-json\/wp\/v2\/posts"}],"about":[{"href":"https:\/\/www.conselharan.org\/ca\/wp-json\/wp\/v2\/types\/post"}],"author":[{"embeddable":true,"href":"https:\/\/www.conselharan.org\/ca\/wp-json\/wp\/v2\/users\/2"}],"replies":[{"embeddable":true,"href":"https:\/\/www.conselharan.org\/ca\/wp-json\/wp\/v2\/comments?post=3280"}],"version-history":[{"count":1,"href":"https:\/\/www.conselharan.org\/ca\/wp-json\/wp\/v2\/posts\/3280\/revisions"}],"predecessor-version":[{"id":3281,"href":"https:\/\/www.conselharan.org\/ca\/wp-json\/wp\/v2\/posts\/3280\/revisions\/3281"}],"wp:featuredmedia":[{"embeddable":true,"href":"https:\/\/www.conselharan.org\/ca\/wp-json\/wp\/v2\/media\/3276"}],"wp:attachment":[{"href":"https:\/\/www.conselharan.org\/ca\/wp-json\/wp\/v2\/media?parent=3280"}],"wp:term":[{"taxonomy":"category","embeddable":true,"href":"https:\/\/www.conselharan.org\/ca\/wp-json\/wp\/v2\/categories?post=3280"},{"taxonomy":"post_tag","embeddable":true,"href":"https:\/\/www.conselharan.org\/ca\/wp-json\/wp\/v2\/tags?post=3280"}],"curies":[{"name":"wp","href":"https:\/\/api.w.org\/{rel}","templated":true}]}}