{"id":3299,"date":"2014-04-04T17:30:45","date_gmt":"2014-04-04T15:30:45","guid":{"rendered":"http:\/\/www.conselharan.org\/?p=3299"},"modified":"2014-04-04T17:30:45","modified_gmt":"2014-04-04T15:30:45","slug":"el-sindic-daran-rep-als-alumnes-del-ies-daran-que-van-participar-al-campionat-del-mon-escolar-desqui-alpi","status":"publish","type":"post","link":"https:\/\/www.conselharan.org\/ca\/el-sindic-daran-rep-als-alumnes-del-ies-daran-que-van-participar-al-campionat-del-mon-escolar-desqui-alpi\/","title":{"rendered":"El s\u00edndic d\u2019Aran rep als alumnes del IES d\u2019Aran que van participar al campionat del M\u00f3n Escolar d&#8217;Esqu\u00ed Alp\u00ed"},"content":{"rendered":"<p><a href=\"http:\/\/www.conselharan.org\/wp-content\/uploads\/2014\/04\/DSC_0981.jpg\"><img loading=\"lazy\" decoding=\"async\" class=\"aligncenter size-large wp-image-3292\" alt=\"DSC_0981\" src=\"http:\/\/www.conselharan.org\/wp-content\/uploads\/2014\/04\/DSC_0981-1024x685.jpg\" width=\"1024\" height=\"685\" srcset=\"https:\/\/www.conselharan.org\/wp-content\/uploads\/2014\/04\/DSC_0981-1024x685.jpg 1024w, https:\/\/www.conselharan.org\/wp-content\/uploads\/2014\/04\/DSC_0981-300x200.jpg 300w\" sizes=\"(max-width: 1024px) 100vw, 1024px\" \/><\/a><\/p>\n<p><strong>\u2022 12 esquiadors del Centre de Tecnificacion dera Val d\u2019Aran van participar al campionat en representaci\u00f3 del IES d\u2019Aran, a on cursen els seus estudis.<\/strong><br \/>\n<strong> <\/strong><\/p>\n<p><strong>\u2022 Les corredores del IES d\u2019Aran del Centre de Tecnificacion dera Val d\u2019Aran van aconseguir la medalla de plata de la Categoria II<\/strong><br \/>\n<strong> <\/strong><\/p>\n<p><strong>\u2022 Aingeru Garai, va obtenir la plata en el Slalom de la Categor\u00eda I<\/strong><\/p>\n<p>El s\u00edndic d\u2019Aran,<strong> Carlos Barrera<\/strong>, juntament amb el director del IES d\u2019Aran, <strong>Manel Serrabona<\/strong>, ha rebut als esquiadors que van participar al campionat Mundial escolar d\u2019esqu\u00ed alp\u00ed:<\/p>\n<p><strong>CAT I BOYS:<\/strong><br \/>\n&#8211; Aingeru Garai<br \/>\n&#8211; Marc Montes<br \/>\n&#8211; Borja Sabugal<br \/>\n&#8211; Ram\u00f3n Barrufet<\/p>\n<p><strong>CAT II BOYS:<\/strong><br \/>\n&#8211; Toni Puig<br \/>\n&#8211; Marc Tabernero<br \/>\n&#8211; Nil Sellas<br \/>\n&#8211; Joan Ure\u00f1a<\/p>\n<p><strong>CAT II GIRLS:<\/strong><br \/>\n&#8211; Marta Jim\u00e9nez<br \/>\n&#8211; Silvia Vila<br \/>\n&#8211; Julia Casanovas<br \/>\n&#8211; Barbara Vives<\/p>\n<p><a href=\"http:\/\/www.conselharan.org\/wp-content\/uploads\/2014\/04\/DSC_0960.jpg\"><img loading=\"lazy\" decoding=\"async\" class=\"aligncenter size-large wp-image-3293\" alt=\"DSC_0960\" src=\"http:\/\/www.conselharan.org\/wp-content\/uploads\/2014\/04\/DSC_0960-1024x685.jpg\" width=\"1024\" height=\"685\" srcset=\"https:\/\/www.conselharan.org\/wp-content\/uploads\/2014\/04\/DSC_0960-1024x685.jpg 1024w, https:\/\/www.conselharan.org\/wp-content\/uploads\/2014\/04\/DSC_0960-300x200.jpg 300w\" sizes=\"(max-width: 1024px) 100vw, 1024px\" \/><\/a><em>El sindic d&#8217;Aran, Carlos Barrera, parlant amb el jove esquiador aran\u00e8s, Marc Montes.<\/em><\/p>\n<p>Als alumnes els han acompanyat la professora <strong>Lourdes Espa\u00f1a<\/strong> i l\u2019entrenador <strong>Willy Churruar\u00edn<\/strong>.<\/p>\n<p><strong>Carlos Barrera<\/strong>, s\u00edndic d&#8217;Aran ha manifestat <strong>\u201cels bons resultats obtinguts pels nostres joves esquiadors en aquest campionat mundial demostra el gran treball que s\u2019est\u00e0 realitzant al Centre de Tecnificacion dera Val d\u2019Aran i gr\u00e0cies tamb\u00e9 al suport dels diferents clubs d&#8217;esqu\u00ed aranesos, de les Federacions i del IES d\u2019Aran.&#8221;<\/strong><\/p>\n ","protected":false},"excerpt":{"rendered":"<p>\u2022 12 esquiadors del Centre de Tecnificacion dera Val d\u2019Aran van participar al campionat en representaci\u00f3 del IES d\u2019Aran, a on cursen els seus estudis. \u2022 Les corredores del IES d\u2019Aran del Centre de Tecnificacion dera Val d\u2019Aran van aconseguir la medalla de plata de la Categoria II \u2022 Aingeru Garai, va obtenir la plata&#8230;<\/p>\n","protected":false},"author":2,"featured_media":3292,"comment_status":"closed","ping_status":"closed","sticky":false,"template":"","format":"standard","meta":{"footnotes":""},"categories":[31,53,33,36],"tags":[],"_links":{"self":[{"href":"https:\/\/www.conselharan.org\/ca\/wp-json\/wp\/v2\/posts\/3299"}],"collection":[{"href":"https:\/\/www.conselharan.org\/ca\/wp-json\/wp\/v2\/posts"}],"about":[{"href":"https:\/\/www.conselharan.org\/ca\/wp-json\/wp\/v2\/types\/post"}],"author":[{"embeddable":true,"href":"https:\/\/www.conselharan.org\/ca\/wp-json\/wp\/v2\/users\/2"}],"replies":[{"embeddable":true,"href":"https:\/\/www.conselharan.org\/ca\/wp-json\/wp\/v2\/comments?post=3299"}],"version-history":[{"count":1,"href":"https:\/\/www.conselharan.org\/ca\/wp-json\/wp\/v2\/posts\/3299\/revisions"}],"predecessor-version":[{"id":3300,"href":"https:\/\/www.conselharan.org\/ca\/wp-json\/wp\/v2\/posts\/3299\/revisions\/3300"}],"wp:featuredmedia":[{"embeddable":true,"href":"https:\/\/www.conselharan.org\/ca\/wp-json\/wp\/v2\/media\/3292"}],"wp:attachment":[{"href":"https:\/\/www.conselharan.org\/ca\/wp-json\/wp\/v2\/media?parent=3299"}],"wp:term":[{"taxonomy":"category","embeddable":true,"href":"https:\/\/www.conselharan.org\/ca\/wp-json\/wp\/v2\/categories?post=3299"},{"taxonomy":"post_tag","embeddable":true,"href":"https:\/\/www.conselharan.org\/ca\/wp-json\/wp\/v2\/tags?post=3299"}],"curies":[{"name":"wp","href":"https:\/\/api.w.org\/{rel}","templated":true}]}}