{"id":33121,"date":"2020-04-01T10:12:40","date_gmt":"2020-04-01T08:12:40","guid":{"rendered":"https:\/\/www.conselharan.org\/confirmadi-dotze-naui-casi-de-covid-19-ena-val-daran\/"},"modified":"2020-04-07T10:30:32","modified_gmt":"2020-04-07T08:30:32","slug":"confirmadi-dotze-naui-casi-de-covid-19-ena-val-daran","status":"publish","type":"post","link":"https:\/\/www.conselharan.org\/ca\/confirmadi-dotze-naui-casi-de-covid-19-ena-val-daran\/","title":{"rendered":"Confirmats dotze nous casos de COVID-19 a la Val d&#8217;Aran"},"content":{"rendered":"<p><a href=\"https:\/\/www.conselharan.org\/wp-content\/uploads\/2020\/03\/conselh-1.jpg\"><img loading=\"lazy\" decoding=\"async\" class=\"aligncenter wp-image-32899 size-full\" src=\"https:\/\/www.conselharan.org\/wp-content\/uploads\/2020\/03\/conselh-1.jpg\" alt=\"\" width=\"720\" height=\"720\" srcset=\"https:\/\/www.conselharan.org\/wp-content\/uploads\/2020\/03\/conselh-1.jpg 720w, https:\/\/www.conselharan.org\/wp-content\/uploads\/2020\/03\/conselh-1-300x300.jpg 300w, https:\/\/www.conselharan.org\/wp-content\/uploads\/2020\/03\/conselh-1-150x150.jpg 150w, https:\/\/www.conselharan.org\/wp-content\/uploads\/2020\/03\/conselh-1-270x270.jpg 270w, https:\/\/www.conselharan.org\/wp-content\/uploads\/2020\/03\/conselh-1-207x207.jpg 207w, https:\/\/www.conselharan.org\/wp-content\/uploads\/2020\/03\/conselh-1-75x75.jpg 75w\" sizes=\"(max-width: 720px) 100vw, 720px\" \/><\/a><\/p>\n<ul>\n<li>\n<h3><strong>Amb aquests dotze s&#8217;arriba a un total de 67 casos confirmats fins al moment<\/strong><strong>\u00a0<\/strong><\/h3>\n<\/li>\n<\/ul>\n<p>Dels dotze nous positius confirmats, dos s\u00f3n residents de la Resid\u00e8ncia Sant Ant\u00f2ni, dos es troben ingressats en el Espitau Val d&#8217;Aran i sis estan en a\u00efllament domiciliari.<\/p>\n ","protected":false},"excerpt":{"rendered":"<p>Amb aquests dotze s&#8217;arriba a un total de 67 casos confirmats fins al moment\u00a0 Dels dotze nous positius confirmats, dos s\u00f3n residents de la Resid\u00e8ncia Sant Ant\u00f2ni, dos es troben ingressats en el Espitau Val d&#8217;Aran i sis estan en a\u00efllament domiciliari.<\/p>\n","protected":false},"author":10,"featured_media":32900,"comment_status":"closed","ping_status":"closed","sticky":false,"template":"","format":"standard","meta":{"footnotes":""},"categories":[33],"tags":[],"_links":{"self":[{"href":"https:\/\/www.conselharan.org\/ca\/wp-json\/wp\/v2\/posts\/33121"}],"collection":[{"href":"https:\/\/www.conselharan.org\/ca\/wp-json\/wp\/v2\/posts"}],"about":[{"href":"https:\/\/www.conselharan.org\/ca\/wp-json\/wp\/v2\/types\/post"}],"author":[{"embeddable":true,"href":"https:\/\/www.conselharan.org\/ca\/wp-json\/wp\/v2\/users\/10"}],"replies":[{"embeddable":true,"href":"https:\/\/www.conselharan.org\/ca\/wp-json\/wp\/v2\/comments?post=33121"}],"version-history":[{"count":1,"href":"https:\/\/www.conselharan.org\/ca\/wp-json\/wp\/v2\/posts\/33121\/revisions"}],"predecessor-version":[{"id":33122,"href":"https:\/\/www.conselharan.org\/ca\/wp-json\/wp\/v2\/posts\/33121\/revisions\/33122"}],"wp:featuredmedia":[{"embeddable":true,"href":"https:\/\/www.conselharan.org\/ca\/wp-json\/wp\/v2\/media\/32900"}],"wp:attachment":[{"href":"https:\/\/www.conselharan.org\/ca\/wp-json\/wp\/v2\/media?parent=33121"}],"wp:term":[{"taxonomy":"category","embeddable":true,"href":"https:\/\/www.conselharan.org\/ca\/wp-json\/wp\/v2\/categories?post=33121"},{"taxonomy":"post_tag","embeddable":true,"href":"https:\/\/www.conselharan.org\/ca\/wp-json\/wp\/v2\/tags?post=33121"}],"curies":[{"name":"wp","href":"https:\/\/api.w.org\/{rel}","templated":true}]}}