{"id":33147,"date":"2020-04-01T14:22:28","date_gmt":"2020-04-01T12:22:28","guid":{"rendered":"https:\/\/www.conselharan.org\/era-brigada-de-servicis-deth-conselh-generau-realize-trabalhs-de-neteja-e-desinfeccion-enes-pobles-daran\/"},"modified":"2020-04-07T10:30:12","modified_gmt":"2020-04-07T08:30:12","slug":"era-brigada-de-servicis-deth-conselh-generau-realize-trabalhs-de-neteja-e-desinfeccion-enes-pobles-daran","status":"publish","type":"post","link":"https:\/\/www.conselharan.org\/ca\/era-brigada-de-servicis-deth-conselh-generau-realize-trabalhs-de-neteja-e-desinfeccion-enes-pobles-daran\/","title":{"rendered":"La brigada de serveis del Conselh Generau fa treballs de neteja i desinfecci\u00f3 als pobles d&#8217;Aran"},"content":{"rendered":"\n\t\t<style type=\"text\/css\">\n\t\t\t#gallery-1 {\n\t\t\t\tmargin: auto;\n\t\t\t}\n\t\t\t#gallery-1 .gallery-item {\n\t\t\t\tfloat: left;\n\t\t\t\tmargin-top: 10px;\n\t\t\t\ttext-align: center;\n\t\t\t\twidth: 50%;\n\t\t\t}\n\t\t\t#gallery-1 img {\n\t\t\t\tborder: 2px solid #cfcfcf;\n\t\t\t}\n\t\t\t#gallery-1 .gallery-caption {\n\t\t\t\tmargin-left: 0;\n\t\t\t}\n\t\t\t\/* see gallery_shortcode() in wp-includes\/media.php *\/\n\t\t<\/style>\n\t\t<div id='gallery-1' class='gallery galleryid-33147 gallery-columns-2 gallery-size-large'><dl class='gallery-item'>\n\t\t\t<dt class='gallery-icon portrait'>\n\t\t\t\t<a href='https:\/\/www.conselharan.org\/ca\/era-brigada-de-servicis-deth-conselh-generau-realize-trabalhs-de-neteja-e-desinfeccion-enes-pobles-daran\/image-2020-04-01-at-13-11-46-2\/'><img loading=\"lazy\" decoding=\"async\" width=\"614\" height=\"1024\" src=\"https:\/\/www.conselharan.org\/wp-content\/uploads\/2020\/04\/Image-2020-04-01-at-13.11.46-614x1024.jpeg\" class=\"attachment-large size-large\" alt=\"\" srcset=\"https:\/\/www.conselharan.org\/wp-content\/uploads\/2020\/04\/Image-2020-04-01-at-13.11.46-614x1024.jpeg 614w, https:\/\/www.conselharan.org\/wp-content\/uploads\/2020\/04\/Image-2020-04-01-at-13.11.46-180x300.jpeg 180w, https:\/\/www.conselharan.org\/wp-content\/uploads\/2020\/04\/Image-2020-04-01-at-13.11.46.jpeg 768w\" sizes=\"(max-width: 614px) 100vw, 614px\" \/><\/a>\n\t\t\t<\/dt><\/dl><dl class='gallery-item'>\n\t\t\t<dt class='gallery-icon portrait'>\n\t\t\t\t<a href='https:\/\/www.conselharan.org\/ca\/era-brigada-de-servicis-deth-conselh-generau-realize-trabalhs-de-neteja-e-desinfeccion-enes-pobles-daran\/image-2020-04-01-at-13-11-47-1-2\/'><img loading=\"lazy\" decoding=\"async\" width=\"764\" height=\"1024\" src=\"https:\/\/www.conselharan.org\/wp-content\/uploads\/2020\/04\/Image-2020-04-01-at-13.11.47-1-e1591619651433-764x1024.jpeg\" class=\"attachment-large size-large\" alt=\"\" srcset=\"https:\/\/www.conselharan.org\/wp-content\/uploads\/2020\/04\/Image-2020-04-01-at-13.11.47-1-e1591619651433-764x1024.jpeg 764w, https:\/\/www.conselharan.org\/wp-content\/uploads\/2020\/04\/Image-2020-04-01-at-13.11.47-1-e1591619651433-224x300.jpeg 224w, https:\/\/www.conselharan.org\/wp-content\/uploads\/2020\/04\/Image-2020-04-01-at-13.11.47-1-e1591619651433-768x1029.jpeg 768w, https:\/\/www.conselharan.org\/wp-content\/uploads\/2020\/04\/Image-2020-04-01-at-13.11.47-1-e1591619651433.jpeg 927w\" sizes=\"(max-width: 764px) 100vw, 764px\" \/><\/a>\n\t\t\t<\/dt><\/dl><br style=\"clear: both\" \/>\n\t\t<\/div>\n\n<ul>\n<li>\n<h3><strong>Mentre s&#8217;allargui l&#8217;emerg\u00e8ncia sanit\u00e0ria pel COVID-19, la brigada de serveis del Conselh far\u00e0 aquest treball per a donar servei als pobles que no compten amb els mitjans necessaris i per a donar suport a les diverses brigades municipals<\/strong><\/h3>\n<\/li>\n<\/ul>\n<p>El govern del\u00a0Conselh\u00a0Generau\u00a0d\u2019Aran ha iniciat, a trav\u00e9s de la seva brigada de serveis, la neteja i desinfecci\u00f3 de les zones p\u00fabliques de diversos pobles aranesos, per a donar servei a aquells pobles que no compten amb els mitjans necessaris i per donar suport tamb\u00e9 a les diverses brigades municipals.<\/p>\n<p>Aix\u00ed doncs, aquest mat\u00ed s&#8217;ha comen\u00e7at per Bausen i\u00a0Pontaut\u00a0i durant la setmana es continuar\u00e0 en uns altres pobles, on tamb\u00e9 es desinfectaran les marquesines dels autobusos.<\/p>\n<p>En aquest sentit, s&#8217;informa que aquesta neteja es dur\u00e0 a terme mentre duri l&#8217;emerg\u00e8ncia sanit\u00e0ria pel\u00a0coronavirus\u00a0COVID-19.<\/p>\n\n\t\t<style type=\"text\/css\">\n\t\t\t#gallery-2 {\n\t\t\t\tmargin: auto;\n\t\t\t}\n\t\t\t#gallery-2 .gallery-item {\n\t\t\t\tfloat: left;\n\t\t\t\tmargin-top: 10px;\n\t\t\t\ttext-align: center;\n\t\t\t\twidth: 50%;\n\t\t\t}\n\t\t\t#gallery-2 img {\n\t\t\t\tborder: 2px solid #cfcfcf;\n\t\t\t}\n\t\t\t#gallery-2 .gallery-caption {\n\t\t\t\tmargin-left: 0;\n\t\t\t}\n\t\t\t\/* see gallery_shortcode() in wp-includes\/media.php *\/\n\t\t<\/style>\n\t\t<div id='gallery-2' class='gallery galleryid-33147 gallery-columns-2 gallery-size-large'><dl class='gallery-item'>\n\t\t\t<dt class='gallery-icon portrait'>\n\t\t\t\t<a href='https:\/\/www.conselharan.org\/ca\/era-brigada-de-servicis-deth-conselh-generau-realize-trabalhs-de-neteja-e-desinfeccion-enes-pobles-daran\/image-2020-04-01-at-13-11-47-3\/'><img loading=\"lazy\" decoding=\"async\" width=\"614\" height=\"1024\" src=\"https:\/\/www.conselharan.org\/wp-content\/uploads\/2020\/04\/Image-2020-04-01-at-13.11.47-614x1024.jpeg\" class=\"attachment-large size-large\" alt=\"\" srcset=\"https:\/\/www.conselharan.org\/wp-content\/uploads\/2020\/04\/Image-2020-04-01-at-13.11.47-614x1024.jpeg 614w, https:\/\/www.conselharan.org\/wp-content\/uploads\/2020\/04\/Image-2020-04-01-at-13.11.47-180x300.jpeg 180w, https:\/\/www.conselharan.org\/wp-content\/uploads\/2020\/04\/Image-2020-04-01-at-13.11.47.jpeg 768w\" sizes=\"(max-width: 614px) 100vw, 614px\" \/><\/a>\n\t\t\t<\/dt><\/dl><dl class='gallery-item'>\n\t\t\t<dt class='gallery-icon portrait'>\n\t\t\t\t<a href='https:\/\/www.conselharan.org\/ca\/era-brigada-de-servicis-deth-conselh-generau-realize-trabalhs-de-neteja-e-desinfeccion-enes-pobles-daran\/image-2020-04-01-at-13-11-47-2-2\/'><img loading=\"lazy\" decoding=\"async\" width=\"614\" height=\"1024\" src=\"https:\/\/www.conselharan.org\/wp-content\/uploads\/2020\/04\/Image-2020-04-01-at-13.11.47-2-614x1024.jpeg\" class=\"attachment-large size-large\" alt=\"\" srcset=\"https:\/\/www.conselharan.org\/wp-content\/uploads\/2020\/04\/Image-2020-04-01-at-13.11.47-2-614x1024.jpeg 614w, https:\/\/www.conselharan.org\/wp-content\/uploads\/2020\/04\/Image-2020-04-01-at-13.11.47-2-180x300.jpeg 180w, https:\/\/www.conselharan.org\/wp-content\/uploads\/2020\/04\/Image-2020-04-01-at-13.11.47-2.jpeg 768w\" sizes=\"(max-width: 614px) 100vw, 614px\" \/><\/a>\n\t\t\t<\/dt><\/dl><br style=\"clear: both\" \/>\n\t\t<\/div>\n\n ","protected":false},"excerpt":{"rendered":"<p>Mentre s&#8217;allargui l&#8217;emerg\u00e8ncia sanit\u00e0ria pel COVID-19, la brigada de serveis del Conselh far\u00e0 aquest treball per a donar servei als pobles que no compten amb els mitjans necessaris i per a donar suport a les diverses brigades municipals El govern del\u00a0Conselh\u00a0Generau\u00a0d\u2019Aran ha iniciat, a trav\u00e9s de la seva brigada de serveis, la neteja i desinfecci\u00f3&#8230;<\/p>\n","protected":false},"author":10,"featured_media":33137,"comment_status":"closed","ping_status":"closed","sticky":false,"template":"","format":"standard","meta":{"footnotes":""},"categories":[53],"tags":[],"_links":{"self":[{"href":"https:\/\/www.conselharan.org\/ca\/wp-json\/wp\/v2\/posts\/33147"}],"collection":[{"href":"https:\/\/www.conselharan.org\/ca\/wp-json\/wp\/v2\/posts"}],"about":[{"href":"https:\/\/www.conselharan.org\/ca\/wp-json\/wp\/v2\/types\/post"}],"author":[{"embeddable":true,"href":"https:\/\/www.conselharan.org\/ca\/wp-json\/wp\/v2\/users\/10"}],"replies":[{"embeddable":true,"href":"https:\/\/www.conselharan.org\/ca\/wp-json\/wp\/v2\/comments?post=33147"}],"version-history":[{"count":2,"href":"https:\/\/www.conselharan.org\/ca\/wp-json\/wp\/v2\/posts\/33147\/revisions"}],"predecessor-version":[{"id":33149,"href":"https:\/\/www.conselharan.org\/ca\/wp-json\/wp\/v2\/posts\/33147\/revisions\/33149"}],"wp:featuredmedia":[{"embeddable":true,"href":"https:\/\/www.conselharan.org\/ca\/wp-json\/wp\/v2\/media\/33137"}],"wp:attachment":[{"href":"https:\/\/www.conselharan.org\/ca\/wp-json\/wp\/v2\/media?parent=33147"}],"wp:term":[{"taxonomy":"category","embeddable":true,"href":"https:\/\/www.conselharan.org\/ca\/wp-json\/wp\/v2\/categories?post=33147"},{"taxonomy":"post_tag","embeddable":true,"href":"https:\/\/www.conselharan.org\/ca\/wp-json\/wp\/v2\/tags?post=33147"}],"curies":[{"name":"wp","href":"https:\/\/api.w.org\/{rel}","templated":true}]}}