{"id":3319,"date":"2014-04-08T13:12:37","date_gmt":"2014-04-08T11:12:37","guid":{"rendered":"http:\/\/www.conselharan.org\/?p=3319"},"modified":"2014-04-08T13:12:37","modified_gmt":"2014-04-08T11:12:37","slug":"reconeixement-al-patinador-aranes-ton-consul-vivar-pels-exits-obtinguts-durant-lany-2013","status":"publish","type":"post","link":"https:\/\/www.conselharan.org\/ca\/reconeixement-al-patinador-aranes-ton-consul-vivar-pels-exits-obtinguts-durant-lany-2013\/","title":{"rendered":"Reconeixement al patinador aran\u00e8s, T\u00f2n C\u00f3nsul Vivar, pels \u00e8xits obtinguts durant l\u2019any 2013"},"content":{"rendered":"<p><a href=\"http:\/\/www.conselharan.org\/wp-content\/uploads\/2014\/04\/tibau_ton-consul_premis-2013.jpg\"><img loading=\"lazy\" decoding=\"async\" class=\"aligncenter size-full wp-image-3315\" alt=\"tibau_ton consul_premis 2013\" src=\"http:\/\/www.conselharan.org\/wp-content\/uploads\/2014\/04\/tibau_ton-consul_premis-2013.jpg\" width=\"600\" height=\"800\" srcset=\"https:\/\/www.conselharan.org\/wp-content\/uploads\/2014\/04\/tibau_ton-consul_premis-2013.jpg 600w, https:\/\/www.conselharan.org\/wp-content\/uploads\/2014\/04\/tibau_ton-consul_premis-2013-225x300.jpg 225w\" sizes=\"(max-width: 600px) 100vw, 600px\" \/><\/a><\/p>\n<p>La Generalitat de Catalunya ha reconegut 141 esportistes i equips de la demarcaci\u00f3 de Lleida que van obtenir un \u00e8xit destacat durant el curs 2013 en les seves respectives especialitats en competicions d\u2019\u00e0mbit catal\u00e0, estatal i internacional. L\u2019acte, celebrat al Teatre L\u2019Amistat de Mollerussa, ha estat presidit pel secretari general de l\u2019Esport, Ivan Tibau, acompanyat del president de la Diputaci\u00f3 de Lleida, Joan Re\u00f1\u00e9, entre d\u2019altres autoritats.<\/p>\n<p>Dels 141 guardons, 121 han correspost a esportistes individuals (84 homes i 37 dones) i 20, a equips. Pertanyen a 58 clubs i entitats (50 dels quals, lleidatans) i s\u2019inclouen en 30 disciplines esportives o federacions. L\u2019any 2013, entre tots els esportistes guardonats, tant els de categories individuals com els integrants d\u2019equips, es van assolir 73 medalles en Campionats de Catalunya, 121 medalles als Campionats d\u2019Espanya (59 d\u2019or), 25 medalles en Campionats d\u2019Europa (8 d\u2019or) i 6 medalles en Mundials (2 d\u2019or).<\/p>\n<p>Alguns dels esportistes distingits que han compartit guard\u00f3 amb el jove aran\u00e8s <strong>T\u00f2n C\u00f3nsul<\/strong>, han estat els germans M\u00e1rquez, Isidre Esteve o Jackson Qui\u00f1\u00f3nez. Als esportistes i clubs guardonats se\u2019ls ha lliurat una reproducci\u00f3 de l\u2019obra de l\u2019artista lleidat\u00e0 Sandoval titulada \u201cEsprint\u201d, elaborada per a l\u2019ocasi\u00f3 amb una t\u00e8cnica mixta de gravats.<\/p>\n<p>El vicesindic d\u2019Aran i conselh\u00e8r d\u2019Esports, <strong>Lu\u00eds Carlos Medina<\/strong>, ha manifestat <strong>\u201cla Val d\u2019Aran est\u00e0 gaudint d\u2019un moment esportiu incre\u00efble, l\u2019esfor\u00e7 dels nostres joves est\u00e0 donant els seus fruits i l\u2019elevat nombre d\u2019esportistes aranesos que es troben competint al m\u00e9s alt nivell posen de manifest que el nostre pa\u00eds \u00e9s idoni per a la pr\u00e0ctica de l\u2019esport\u201d<\/strong> a m\u00e9s <strong>Medina<\/strong> ha afegit <strong>\u201c\u00e9s un orgull per a l\u2019Aran veure al T\u00f2n entre els millors, \u00e9s la recompensa a la seva const\u00e0ncia\u201d.<\/strong><\/p>\n<p>&nbsp;<\/p>\n ","protected":false},"excerpt":{"rendered":"<p>La Generalitat de Catalunya ha reconegut 141 esportistes i equips de la demarcaci\u00f3 de Lleida que van obtenir un \u00e8xit destacat durant el curs 2013 en les seves respectives especialitats en competicions d\u2019\u00e0mbit catal\u00e0, estatal i internacional. L\u2019acte, celebrat al Teatre L\u2019Amistat de Mollerussa, ha estat presidit pel secretari general de l\u2019Esport, Ivan Tibau, acompanyat&#8230;<\/p>\n","protected":false},"author":2,"featured_media":3315,"comment_status":"closed","ping_status":"closed","sticky":false,"template":"","format":"standard","meta":{"footnotes":""},"categories":[33,36],"tags":[],"_links":{"self":[{"href":"https:\/\/www.conselharan.org\/ca\/wp-json\/wp\/v2\/posts\/3319"}],"collection":[{"href":"https:\/\/www.conselharan.org\/ca\/wp-json\/wp\/v2\/posts"}],"about":[{"href":"https:\/\/www.conselharan.org\/ca\/wp-json\/wp\/v2\/types\/post"}],"author":[{"embeddable":true,"href":"https:\/\/www.conselharan.org\/ca\/wp-json\/wp\/v2\/users\/2"}],"replies":[{"embeddable":true,"href":"https:\/\/www.conselharan.org\/ca\/wp-json\/wp\/v2\/comments?post=3319"}],"version-history":[{"count":1,"href":"https:\/\/www.conselharan.org\/ca\/wp-json\/wp\/v2\/posts\/3319\/revisions"}],"predecessor-version":[{"id":3320,"href":"https:\/\/www.conselharan.org\/ca\/wp-json\/wp\/v2\/posts\/3319\/revisions\/3320"}],"wp:featuredmedia":[{"embeddable":true,"href":"https:\/\/www.conselharan.org\/ca\/wp-json\/wp\/v2\/media\/3315"}],"wp:attachment":[{"href":"https:\/\/www.conselharan.org\/ca\/wp-json\/wp\/v2\/media?parent=3319"}],"wp:term":[{"taxonomy":"category","embeddable":true,"href":"https:\/\/www.conselharan.org\/ca\/wp-json\/wp\/v2\/categories?post=3319"},{"taxonomy":"post_tag","embeddable":true,"href":"https:\/\/www.conselharan.org\/ca\/wp-json\/wp\/v2\/tags?post=3319"}],"curies":[{"name":"wp","href":"https:\/\/api.w.org\/{rel}","templated":true}]}}