{"id":33576,"date":"2020-04-23T18:01:58","date_gmt":"2020-04-23T16:01:58","guid":{"rendered":"https:\/\/www.conselharan.org\/eth-conselh-generau-daran-inicie-era-campanha-establiments-segurs-contra-era-violencia-de-genre-pendent-era-crisi-deth-covid-19\/"},"modified":"2020-04-23T18:03:43","modified_gmt":"2020-04-23T16:03:43","slug":"eth-conselh-generau-daran-inicie-era-campanha-establiments-segurs-contra-era-violencia-de-genre-pendent-era-crisi-deth-covid-19","status":"publish","type":"post","link":"https:\/\/www.conselharan.org\/ca\/eth-conselh-generau-daran-inicie-era-campanha-establiments-segurs-contra-era-violencia-de-genre-pendent-era-crisi-deth-covid-19\/","title":{"rendered":"El Conselh Generau d\u2019Aran inicia la campanya \u201cEstabliments segurs contra la viol\u00e8ncia de g\u00e8nere\u201d durant la crisi del COVID-19"},"content":{"rendered":"<p><a href=\"https:\/\/www.conselharan.org\/wp-content\/uploads\/2020\/04\/Panne\u0300u_establiments_segurs.jpg\"><img loading=\"lazy\" decoding=\"async\" class=\"aligncenter wp-image-33568 size-full\" src=\"https:\/\/www.conselharan.org\/wp-content\/uploads\/2020\/04\/Panne\u0300u_establiments_segurs.jpg\" alt=\"\" width=\"1080\" height=\"1350\" srcset=\"https:\/\/www.conselharan.org\/wp-content\/uploads\/2020\/04\/Panne\u0300u_establiments_segurs.jpg 1080w, https:\/\/www.conselharan.org\/wp-content\/uploads\/2020\/04\/Panne\u0300u_establiments_segurs-240x300.jpg 240w, https:\/\/www.conselharan.org\/wp-content\/uploads\/2020\/04\/Panne\u0300u_establiments_segurs-819x1024.jpg 819w, https:\/\/www.conselharan.org\/wp-content\/uploads\/2020\/04\/Panne\u0300u_establiments_segurs-768x960.jpg 768w\" sizes=\"(max-width: 1080px) 100vw, 1080px\" \/><\/a><\/p>\n<ul>\n<li>\n<h3><strong>L&#8217;objectiu d&#8217;aquesta campanya, promoguda per l\u2019ICD i els Mossos d&#8217;Esquadra, \u00e9s que les dones en situaci\u00f3 de viol\u00e8ncia masclista a l\u2019Aran comptin durant el confinament amb el suport dels establiments de la Val d&#8217;Aran que s&#8217;afegeixin i que trucaran per elles al 900 900 120 o al 112<\/strong><strong>\u00a0<\/strong><\/h3>\n<\/li>\n<\/ul>\n<p>A causa del risc que suposa per a les v\u00edctimes de viol\u00e8ncia de g\u00e8nere el confinament establert durant la crisi del COVID-19, el govern del Conselh Generau d\u2019Aran s&#8217;afegeix a la campanya de l&#8217;Institut Catal\u00e0 de les Dones (ICD) \u201cEstabliments segurs contra la viol\u00e8ncia de g\u00e8nere\u201d.<\/p>\n<p>Els establiments comercials d&#8217;Aran que s&#8217;afegeixin situaran en un lloc visible del seu local un cartell que assenyalar\u00e0 que formen part d&#8217;aquesta campanya. All\u00e0, les dones que ho necessitin podran sol\u00b7licitar que truquin per elles a la L\u00ednia d&#8217;Atenci\u00f3 contra la Viol\u00e8ncia Masclista (900 900 120) o a Emerg\u00e8ncies (112), si senten que la seva casa no \u00e9s un lloc segur.<\/p>\n<p>Aquesta campanya, en la qual participen tamb\u00e9 els Mossos d&#8217;Esquadra, busca augmentar el suport social a les persones m\u00e9s vulnerables que travessen aquestes situacions i que actualment poden estar a\u00efllades amb els seus agressors. \u00c9s per aix\u00f2 que el govern del Conselh Generau d\u2019Aran ha considerat especialment necessari poder afegir-se a aquesta iniciativa per a aix\u00ed oferir un canal m\u00e9s d&#8217;ajuda a aquestes persones.<\/p>\n<p>\u00c9s necessari recordar que davant aquesta situaci\u00f3 de confinament, s&#8217;ha refor\u00e7at la l\u00ednia 900 900 120 i s&#8217;ha implantat un nou servei de WhatsApp per a facilitar l&#8217;acc\u00e9s a les dones que convisquin amb el seu agressor i no poden realitzar trucades (el n\u00famero \u00e9s el 671778540), a m\u00e9s s&#8217;at\u00e9n tamb\u00e9 via email a trav\u00e9s del correu electr\u00f2nic <a href=\"mailto:900900120@gencat.cat\">900900120@gencat.cat<\/a>.<\/p>\n ","protected":false},"excerpt":{"rendered":"<p>L&#8217;objectiu d&#8217;aquesta campanya, promoguda per l\u2019ICD i els Mossos d&#8217;Esquadra, \u00e9s que les dones en situaci\u00f3 de viol\u00e8ncia masclista a l\u2019Aran comptin durant el confinament amb el suport dels establiments de la Val d&#8217;Aran que s&#8217;afegeixin i que trucaran per elles al 900 900 120 o al 112\u00a0 A causa del risc que suposa per&#8230;<\/p>\n","protected":false},"author":10,"featured_media":33569,"comment_status":"closed","ping_status":"closed","sticky":false,"template":"","format":"standard","meta":{"footnotes":""},"categories":[53],"tags":[],"_links":{"self":[{"href":"https:\/\/www.conselharan.org\/ca\/wp-json\/wp\/v2\/posts\/33576"}],"collection":[{"href":"https:\/\/www.conselharan.org\/ca\/wp-json\/wp\/v2\/posts"}],"about":[{"href":"https:\/\/www.conselharan.org\/ca\/wp-json\/wp\/v2\/types\/post"}],"author":[{"embeddable":true,"href":"https:\/\/www.conselharan.org\/ca\/wp-json\/wp\/v2\/users\/10"}],"replies":[{"embeddable":true,"href":"https:\/\/www.conselharan.org\/ca\/wp-json\/wp\/v2\/comments?post=33576"}],"version-history":[{"count":1,"href":"https:\/\/www.conselharan.org\/ca\/wp-json\/wp\/v2\/posts\/33576\/revisions"}],"predecessor-version":[{"id":33577,"href":"https:\/\/www.conselharan.org\/ca\/wp-json\/wp\/v2\/posts\/33576\/revisions\/33577"}],"wp:featuredmedia":[{"embeddable":true,"href":"https:\/\/www.conselharan.org\/ca\/wp-json\/wp\/v2\/media\/33569"}],"wp:attachment":[{"href":"https:\/\/www.conselharan.org\/ca\/wp-json\/wp\/v2\/media?parent=33576"}],"wp:term":[{"taxonomy":"category","embeddable":true,"href":"https:\/\/www.conselharan.org\/ca\/wp-json\/wp\/v2\/categories?post=33576"},{"taxonomy":"post_tag","embeddable":true,"href":"https:\/\/www.conselharan.org\/ca\/wp-json\/wp\/v2\/tags?post=33576"}],"curies":[{"name":"wp","href":"https:\/\/api.w.org\/{rel}","templated":true}]}}