{"id":33590,"date":"2020-04-24T11:34:57","date_gmt":"2020-04-24T09:34:57","guid":{"rendered":"https:\/\/www.conselharan.org\/se-confirmen-a-traues-de-test-serologics-15-casi-de-covid-19-en-aran\/"},"modified":"2020-04-24T11:37:14","modified_gmt":"2020-04-24T09:37:14","slug":"se-confirmen-a-traues-de-test-serologics-15-casi-de-covid-19-en-aran","status":"publish","type":"post","link":"https:\/\/www.conselharan.org\/ca\/se-confirmen-a-traues-de-test-serologics-15-casi-de-covid-19-en-aran\/","title":{"rendered":"Es confirmen a trav\u00e9s de test serol\u00f2gics 15 casos de COVID-19 a l\u2019Aran"},"content":{"rendered":"<p><a href=\"https:\/\/www.conselharan.org\/wp-content\/uploads\/2020\/04\/conselh.jpg\"><img loading=\"lazy\" decoding=\"async\" class=\"aligncenter wp-image-33582 size-full\" src=\"https:\/\/www.conselharan.org\/wp-content\/uploads\/2020\/04\/conselh.jpg\" alt=\"\" width=\"720\" height=\"720\" srcset=\"https:\/\/www.conselharan.org\/wp-content\/uploads\/2020\/04\/conselh.jpg 720w, https:\/\/www.conselharan.org\/wp-content\/uploads\/2020\/04\/conselh-300x300.jpg 300w, https:\/\/www.conselharan.org\/wp-content\/uploads\/2020\/04\/conselh-150x150.jpg 150w, https:\/\/www.conselharan.org\/wp-content\/uploads\/2020\/04\/conselh-270x270.jpg 270w, https:\/\/www.conselharan.org\/wp-content\/uploads\/2020\/04\/conselh-207x207.jpg 207w, https:\/\/www.conselharan.org\/wp-content\/uploads\/2020\/04\/conselh-75x75.jpg 75w\" sizes=\"(max-width: 720px) 100vw, 720px\" \/><\/a><\/p>\n<ul>\n<li>\n<h3><strong>Aquests casos s&#8217;han detectat a trav\u00e9s dels test realitzats en pacients que han estat en a\u00efllament domiciliari i amb seguiment per part dels professionals d&#8217;atenci\u00f3 prim\u00e0ria<\/strong><strong>\u00a0<\/strong><\/h3>\n<\/li>\n<\/ul>\n<p>Amb aquests, a l\u2019Aran hi ha un total de 24 casos confirmats a trav\u00e9s de test serol\u00f2gics i 90 a trav\u00e9s de proves diagn\u00f2stiques PCR. Per tant el total de confirmats en COVID-19 des de l&#8217;inici de la pand\u00e8mia a Aran \u00e9s de 114.<\/p>\n ","protected":false},"excerpt":{"rendered":"<p>Aquests casos s&#8217;han detectat a trav\u00e9s dels test realitzats en pacients que han estat en a\u00efllament domiciliari i amb seguiment per part dels professionals d&#8217;atenci\u00f3 prim\u00e0ria\u00a0 Amb aquests, a l\u2019Aran hi ha un total de 24 casos confirmats a trav\u00e9s de test serol\u00f2gics i 90 a trav\u00e9s de proves diagn\u00f2stiques PCR. Per tant el total&#8230;<\/p>\n","protected":false},"author":10,"featured_media":33583,"comment_status":"closed","ping_status":"closed","sticky":false,"template":"","format":"standard","meta":{"footnotes":""},"categories":[33],"tags":[],"_links":{"self":[{"href":"https:\/\/www.conselharan.org\/ca\/wp-json\/wp\/v2\/posts\/33590"}],"collection":[{"href":"https:\/\/www.conselharan.org\/ca\/wp-json\/wp\/v2\/posts"}],"about":[{"href":"https:\/\/www.conselharan.org\/ca\/wp-json\/wp\/v2\/types\/post"}],"author":[{"embeddable":true,"href":"https:\/\/www.conselharan.org\/ca\/wp-json\/wp\/v2\/users\/10"}],"replies":[{"embeddable":true,"href":"https:\/\/www.conselharan.org\/ca\/wp-json\/wp\/v2\/comments?post=33590"}],"version-history":[{"count":1,"href":"https:\/\/www.conselharan.org\/ca\/wp-json\/wp\/v2\/posts\/33590\/revisions"}],"predecessor-version":[{"id":33591,"href":"https:\/\/www.conselharan.org\/ca\/wp-json\/wp\/v2\/posts\/33590\/revisions\/33591"}],"wp:featuredmedia":[{"embeddable":true,"href":"https:\/\/www.conselharan.org\/ca\/wp-json\/wp\/v2\/media\/33583"}],"wp:attachment":[{"href":"https:\/\/www.conselharan.org\/ca\/wp-json\/wp\/v2\/media?parent=33590"}],"wp:term":[{"taxonomy":"category","embeddable":true,"href":"https:\/\/www.conselharan.org\/ca\/wp-json\/wp\/v2\/categories?post=33590"},{"taxonomy":"post_tag","embeddable":true,"href":"https:\/\/www.conselharan.org\/ca\/wp-json\/wp\/v2\/tags?post=33590"}],"curies":[{"name":"wp","href":"https:\/\/api.w.org\/{rel}","templated":true}]}}