{"id":3376,"date":"2014-04-17T11:05:23","date_gmt":"2014-04-17T09:05:23","guid":{"rendered":"http:\/\/www.conselharan.org\/?p=3376"},"modified":"2014-04-17T11:05:23","modified_gmt":"2014-04-17T09:05:23","slug":"el-conselh-generau-i-foment-torisme-val-daran-patrocinaran-als-esportistes-aranesos-professionals-alex-puente-ruben-caseny-aymar-navarro-i-ton-consul","status":"publish","type":"post","link":"https:\/\/www.conselharan.org\/ca\/el-conselh-generau-i-foment-torisme-val-daran-patrocinaran-als-esportistes-aranesos-professionals-alex-puente-ruben-caseny-aymar-navarro-i-ton-consul\/","title":{"rendered":"El Conselh Generau i Foment Torisme Val d\u2019Aran patrocinaran als esportistes aranesos professionals: \u00c1lex Puente, Ruben Caseny, Aymar Navarro i T\u00f2n C\u00f3nsul"},"content":{"rendered":"<p><a href=\"http:\/\/www.conselharan.org\/wp-content\/uploads\/2014\/04\/esportistes.jpg\"><img loading=\"lazy\" decoding=\"async\" class=\"aligncenter size-large wp-image-3369\" alt=\"esportistes\" src=\"http:\/\/www.conselharan.org\/wp-content\/uploads\/2014\/04\/esportistes-1024x637.jpg\" width=\"1024\" height=\"637\" srcset=\"https:\/\/www.conselharan.org\/wp-content\/uploads\/2014\/04\/esportistes-1024x637.jpg 1024w, https:\/\/www.conselharan.org\/wp-content\/uploads\/2014\/04\/esportistes-300x186.jpg 300w\" sizes=\"(max-width: 1024px) 100vw, 1024px\" \/><\/a><\/p>\n<p><strong>Carlos Barrera<\/strong>, s\u00edndic d\u2019Aran, ha signat un conveni de patrocini amb els esportistes professionals aranesos: <strong>\u00c1lex Puente, Rub\u00e9n Caseny, Aymar Navarro<\/strong> i <strong>T\u00f2n C\u00f3nsul<\/strong>, per tal de promocionar la destinaci\u00f3 tur\u00edstica esportiva Val d\u2019Aran arreu del m\u00f3n, representada en la imatge i els valors dels corredors, dels esports que practiquen i dels equips dels que formen part, mitjan\u00e7ant el patrocini institucional.<\/p>\n<p>Amb aquest conveni de patrocini, els esportistes aranesos als despla\u00e7aments i \u201cstages\u201d hauran de portar als equipaments i robes de descans els logotips de Foment Torisme Val d\u2019Aran \u201cVal d\u2019Aran era ess\u00e8ncia des Pir\u00e8neus\u201d i Conselh Generau d\u2019Aran, a m\u00e9s de dur-los a la roba de competici\u00f3, sempre que la normativa i el reglament dels equips ho permetin.<\/p>\n<p>A les rodes de premsa, esdeveniments period\u00edstics o esportius medi\u00e0tics, duran el logotip \u201cVal d\u2019Aran era ess\u00e8ncia des Pir\u00e8neus\u201d i Conselh Generau d\u2019Aran, aix\u00ed com els vehicles que utilitzin els esportistes pels despla\u00e7aments i assist\u00e8ncies a les competicions, hauran de portar el mateix logotip.<\/p>\n<p>Tamb\u00e9 distribuiran publicitat oficial creada per Foment Torisme Val d\u2019Aran de la destinaci\u00f3 tur\u00edstica i esportiva Val d\u2019Aran a les concentracions, competicions i esdeveniments esportius i\/o socials relacionats amb els equips.<\/p>\n<p><a href=\"http:\/\/www.conselharan.org\/wp-content\/uploads\/2014\/04\/puente.jpg\"><img loading=\"lazy\" decoding=\"async\" class=\"aligncenter size-large wp-image-3370\" alt=\"puente\" src=\"http:\/\/www.conselharan.org\/wp-content\/uploads\/2014\/04\/puente-1024x996.jpg\" width=\"1024\" height=\"996\" srcset=\"https:\/\/www.conselharan.org\/wp-content\/uploads\/2014\/04\/puente-1024x996.jpg 1024w, https:\/\/www.conselharan.org\/wp-content\/uploads\/2014\/04\/puente-300x291.jpg 300w\" sizes=\"(max-width: 1024px) 100vw, 1024px\" \/><\/a><em>\u00c1lex Puente<\/em><\/p>\n<p><strong>\u00c1lex Puente<\/strong>, \u00e9s esquiador professional FIS (categoria internacional), corredor Ol\u00edmpic (Sochi 2014) d\u2019esqu\u00ed alp\u00ed i membre professional de l\u2019equip<strong> Steffen-S1<\/strong>, que li permet participar en proves nacionals i internacionals de primer nivell arreu del m\u00f3n.<\/p>\n<p><strong>\u201c\u00c9s una ajuda molt important, a m\u00e9s \u00e9s un honor representar al meu pa\u00eds, Aran, a on vagi a competir\u201d<\/strong> ha subratllat<strong> Puente <\/strong>que ha afegit<strong> \u201cla participaci\u00f3 en els JJOO de Sochi ha estat una experi\u00e8ncia inoblidable, per\u00f2 encara hem queden for\u00e7a reptes que complir com \u00e9s el mundial j\u00fanior.\u201d<\/strong><\/p>\n<p><a href=\"http:\/\/www.conselharan.org\/wp-content\/uploads\/2014\/04\/ruben.jpg\"><img loading=\"lazy\" decoding=\"async\" class=\"aligncenter size-large wp-image-3371\" alt=\"ruben\" src=\"http:\/\/www.conselharan.org\/wp-content\/uploads\/2014\/04\/ruben-909x1024.jpg\" width=\"909\" height=\"1024\" srcset=\"https:\/\/www.conselharan.org\/wp-content\/uploads\/2014\/04\/ruben-909x1024.jpg 909w, https:\/\/www.conselharan.org\/wp-content\/uploads\/2014\/04\/ruben-266x300.jpg 266w\" sizes=\"(max-width: 909px) 100vw, 909px\" \/><\/a><em>Ruben Caseny<\/em><\/p>\n<p><strong>Ruben Caseny<\/strong>, \u00e9s ciclista i corredor d\u2019esqu\u00ed n\u00f2rdic professional, membre de l\u2019equip<strong> UCI Start-Trigon Cycling <\/strong>de categoria Continental UCI i de l\u2019equip <strong>Vitaldent-Aran<\/strong>, que li permet participar a proves nacionals i internacionals de primer nivell arreu del mon, tant de ciclisme com d\u2019esqu\u00ed n\u00f2rdic.<\/p>\n<p><strong>\u201c\u00c9s una gran motivaci\u00f3 que t\u2019ajudin per a tirar endavant, ja que tot suma. Em sento molt orgull\u00f3s que el meu pa\u00eds em doni suport i a la vegada poder representar-lo\u201d<\/strong> ha manifestat Caseny durant la signatura.<\/p>\n<p><a href=\"http:\/\/www.conselharan.org\/wp-content\/uploads\/2014\/04\/aymar-n-1.jpg\"><img loading=\"lazy\" decoding=\"async\" class=\"aligncenter size-large wp-image-3372\" alt=\"aymar n (1)\" src=\"http:\/\/www.conselharan.org\/wp-content\/uploads\/2014\/04\/aymar-n-1-1024x985.jpg\" width=\"1024\" height=\"985\" srcset=\"https:\/\/www.conselharan.org\/wp-content\/uploads\/2014\/04\/aymar-n-1-1024x985.jpg 1024w, https:\/\/www.conselharan.org\/wp-content\/uploads\/2014\/04\/aymar-n-1-300x288.jpg 300w\" sizes=\"(max-width: 1024px) 100vw, 1024px\" \/><\/a><em>Aymar Navarro<\/em><\/p>\n<p><strong>Aymar Navarro,<\/strong> esquiador professional \u201cfreeride\u201d de categoria internacional World Freeride Tour (WFT\/WFQ) el que el permet participar a proves nacionals i internacionals de primer nivell arreu del mon, ha subratllat<strong> \u201cla Val d\u2019Aran \u00e9s un parad\u00eds per a practicar qualsevol esport, per\u00f2 en especial, per als practicants com jo, del \u201cfreeride\u201d, no te l\u2019acabes\u201d.<\/strong><\/p>\n<p>A m\u00e9s,<strong> Navarro<\/strong> ha afegit <strong>\u201c\u00e9s un orgull representar a la Val d\u2019Aran, i que millor que representar i que t\u2019ajudin.\u201d<\/strong><\/p>\n<p><a href=\"http:\/\/www.conselharan.org\/wp-content\/uploads\/2014\/04\/consul.jpg\"><img loading=\"lazy\" decoding=\"async\" class=\"aligncenter size-large wp-image-3373\" alt=\"consul\" src=\"http:\/\/www.conselharan.org\/wp-content\/uploads\/2014\/04\/consul-975x1024.jpg\" width=\"975\" height=\"1024\" srcset=\"https:\/\/www.conselharan.org\/wp-content\/uploads\/2014\/04\/consul-975x1024.jpg 975w, https:\/\/www.conselharan.org\/wp-content\/uploads\/2014\/04\/consul-285x300.jpg 285w\" sizes=\"(max-width: 975px) 100vw, 975px\" \/><\/a><em>T\u00f2n C\u00f3nsul<\/em><\/p>\n<p><strong>T\u00f2n C\u00f3nsul,<\/strong> \u00e9s patinador professional j\u00fanior ISU i membre del <strong>FCB<\/strong>, que li permet participar en pr\u00f2ves nacionals i internacionals de primer nivell arreu del mon, de patinatge art\u00edstic sobre gel.<\/p>\n<p>En paraules de <strong>T\u00f2n, \u201crepresentar al meu petit pa\u00eds, la Val d\u2019Aran, \u00e9s tot un orgull per a mi, aix\u00f2 encara et dona m\u00e9s forces per a seguir lluitant.\u201d<\/strong><\/p>\n<p>Per la seva part, el s\u00edndic d\u2019Aran, <strong>Carlos Barrera<\/strong>, ha subratllat<strong> \u201cqui millor que els nostres joves professionals aranesos per a representar el nostre pa\u00eds i el sentiment d\u2019identitat. El govern aran\u00e8s vol ajudar el seu esfor\u00e7 per a obtenir m\u00e9s i millors resultats.\u201d<\/strong><\/p>\n<p>En paraules de la conselh\u00e8ra de Turisme d\u2019Aran, <strong>Anna D\u00edaz \u201cFoment Torisme Val d\u2019Aran facilitar\u00e0 als patrocinats el material publicitari consistent en originals del logotip \u201cVal d\u2019Aran era ess\u00e8ncia des Pir\u00e8neus\u201d en els diferents idiomes i del Conselh Generau d\u2019Aran, aix\u00ed com material publicitari d\u00edptics, tr\u00edptics, revistes, etc\u201d ha afegit \u201ca la Val d\u2019Aran el turisme i l\u2019esport van de la m\u00e0 i \u00e9s un orgull que els nostres esportistes a m\u00e9s de competir al m\u00e9s alt nivell puguin donar a con\u00e8ixer la nostra destinaci\u00f3 tur\u00edstica\u201d.<\/strong><\/p>\n<p><strong>El Conselh Generau d\u2019Aran pagar\u00e0, en concepte de patrocini, la quantitat de 3.000,00\u20ac, a cadun dels tres esportistes aranesos.<\/strong><\/p>\n<p>A l\u2019acte, tamb\u00e9 i ha assistit el vicesindic d\u2019Aran i conselh\u00e8r d\u2019Esports, <strong>Lu\u00eds Carlos Medina<\/strong>, el conselh\u00e8r de Joventut,<strong> Marcos Vil\u00f3,<\/strong> i familiars dels joves esportistes.<\/p>\n ","protected":false},"excerpt":{"rendered":"<p>Carlos Barrera, s\u00edndic d\u2019Aran, ha signat un conveni de patrocini amb els esportistes professionals aranesos: \u00c1lex Puente, Rub\u00e9n Caseny, Aymar Navarro i T\u00f2n C\u00f3nsul, per tal de promocionar la destinaci\u00f3 tur\u00edstica esportiva Val d\u2019Aran arreu del m\u00f3n, representada en la imatge i els valors dels corredors, dels esports que practiquen i dels equips dels que&#8230;<\/p>\n","protected":false},"author":2,"featured_media":3369,"comment_status":"closed","ping_status":"closed","sticky":false,"template":"","format":"standard","meta":{"footnotes":""},"categories":[31,53,33,36],"tags":[],"_links":{"self":[{"href":"https:\/\/www.conselharan.org\/ca\/wp-json\/wp\/v2\/posts\/3376"}],"collection":[{"href":"https:\/\/www.conselharan.org\/ca\/wp-json\/wp\/v2\/posts"}],"about":[{"href":"https:\/\/www.conselharan.org\/ca\/wp-json\/wp\/v2\/types\/post"}],"author":[{"embeddable":true,"href":"https:\/\/www.conselharan.org\/ca\/wp-json\/wp\/v2\/users\/2"}],"replies":[{"embeddable":true,"href":"https:\/\/www.conselharan.org\/ca\/wp-json\/wp\/v2\/comments?post=3376"}],"version-history":[{"count":1,"href":"https:\/\/www.conselharan.org\/ca\/wp-json\/wp\/v2\/posts\/3376\/revisions"}],"predecessor-version":[{"id":3377,"href":"https:\/\/www.conselharan.org\/ca\/wp-json\/wp\/v2\/posts\/3376\/revisions\/3377"}],"wp:featuredmedia":[{"embeddable":true,"href":"https:\/\/www.conselharan.org\/ca\/wp-json\/wp\/v2\/media\/3369"}],"wp:attachment":[{"href":"https:\/\/www.conselharan.org\/ca\/wp-json\/wp\/v2\/media?parent=3376"}],"wp:term":[{"taxonomy":"category","embeddable":true,"href":"https:\/\/www.conselharan.org\/ca\/wp-json\/wp\/v2\/categories?post=3376"},{"taxonomy":"post_tag","embeddable":true,"href":"https:\/\/www.conselharan.org\/ca\/wp-json\/wp\/v2\/tags?post=3376"}],"curies":[{"name":"wp","href":"https:\/\/api.w.org\/{rel}","templated":true}]}}