{"id":33832,"date":"2020-05-08T20:41:54","date_gmt":"2020-05-08T18:41:54","guid":{"rendered":"https:\/\/www.conselharan.org\/?p=33832"},"modified":"2020-05-10T10:05:01","modified_gmt":"2020-05-10T08:05:01","slug":"la-val-daran-entrara-en-la-fase-1-de-desescalada-el-proxim-11-de-maig","status":"publish","type":"post","link":"https:\/\/www.conselharan.org\/ca\/la-val-daran-entrara-en-la-fase-1-de-desescalada-el-proxim-11-de-maig\/","title":{"rendered":"La Val d&#8217;Aran entrar\u00e0 en la Fase 1 de desescalada el pr\u00f2xim 11 de maig"},"content":{"rendered":"<p><a href=\"https:\/\/www.conselharan.org\/wp-content\/uploads\/2020\/05\/WhatsApp-Image-2020-05-09-at-22.19.42.jpeg\"><img loading=\"lazy\" decoding=\"async\" class=\"aligncenter wp-image-33862 size-large\" src=\"https:\/\/www.conselharan.org\/wp-content\/uploads\/2020\/05\/WhatsApp-Image-2020-05-09-at-22.19.42-819x1024.jpeg\" alt=\"\" width=\"819\" height=\"1024\" srcset=\"https:\/\/www.conselharan.org\/wp-content\/uploads\/2020\/05\/WhatsApp-Image-2020-05-09-at-22.19.42-819x1024.jpeg 819w, https:\/\/www.conselharan.org\/wp-content\/uploads\/2020\/05\/WhatsApp-Image-2020-05-09-at-22.19.42-240x300.jpeg 240w, https:\/\/www.conselharan.org\/wp-content\/uploads\/2020\/05\/WhatsApp-Image-2020-05-09-at-22.19.42-768x960.jpeg 768w, https:\/\/www.conselharan.org\/wp-content\/uploads\/2020\/05\/WhatsApp-Image-2020-05-09-at-22.19.42.jpeg 1080w\" sizes=\"(max-width: 819px) 100vw, 819px\" \/><\/a><\/p>\n<ul>\n<li>\n<h3><strong>El S\u00edndic d&#8217;Aran va acordar aquesta setmana amb la Consellera de Salut de la Generalitat aquest avan\u00e7, ja que les dades de contagi i recuperaci\u00f3 del territori s\u00f3n favorables, per\u00f2 cal recordar que \u00e9s necessari prendre totes les mesures de protecci\u00f3 establertes per a evitar un nou rebrot de COVID-19 a l\u2019Aran<\/strong><\/h3>\n<\/li>\n<\/ul>\n<p>Tal com va acordar fa pocs dies el S\u00edndic d&#8217;Aran, Franc\u00e9s Boya, amb la Consellera de Salut de la Generalitat, Alba Verg\u00e9s, a partir del pr\u00f2xim dilluns, 11 de maig, la Val d&#8217;Aran entrar\u00e0 en la Fase 1 de desescalada de la crisi del COVID-19, segons han confirmat aquesta mateixa tarda el Ministre de Sanitat, Salvador Illa, i el director del Centre d\u2019Alertes i Emerg\u00e8ncies Sanit\u00e0ries, Fernando Sim\u00f3n.<\/p>\n<p>\u201cLes nostres dades de contagi i de recuperaci\u00f3 ens permeten fer aquest pas\u201d, afirma el S\u00edndic d&#8217;Aran, afegint que: \u201cno es tracta de voler anar de pressa, ja que hem de prendre totes les mesures de protecci\u00f3 establertes, per\u00f2 en aquest equilibri entre la protecci\u00f3 i l&#8217;activaci\u00f3 progressiva de l&#8217;economia, hem d&#8217;anar avan\u00e7ant de manera prudent\u201d.<\/p>\n<p>L&#8217;entrada en aquesta nova fase de desescalada \u00e9s un pas m\u00e9s cap a la recuperaci\u00f3 de la normalitat. Aquestes s\u00f3n les mesures m\u00e9s destacades de la nova fase:<\/p>\n<ul>\n<li>S&#8217;autoritzen les <strong>reunions socials<\/strong> de fins a 10 persones.<\/li>\n<li>Es permetr\u00e0 l&#8217;<strong>\u00fas<\/strong> <strong>compartit dels vehicles privats<\/strong> limitat a un conductor i un ocupant que haur\u00e0 d&#8217;anar en la part de darrere.<\/li>\n<li>S&#8217;autoritzen les <strong>vetlles<\/strong> amb un l\u00edmit m\u00e0xim de 15 persones en espais oberts i 10 en espais tancats.<\/li>\n<li>S&#8217;obren els <strong>llocs de culte<\/strong> amb un l\u00edmit d&#8217;un ter\u00e7 d&#8217;ocupaci\u00f3.<\/li>\n<li>Obertura d&#8217;<strong>establiments i locals minoristes<\/strong> sense cita pr\u00e8via amb un l\u00edmit d&#8217;un 30% de la seva capacitat.<\/li>\n<li>Es podran obrir les <strong>terrasses<\/strong> dels establiments d&#8217;hostaleria i restauraci\u00f3 amb una limitaci\u00f3 del 50%.<\/li>\n<\/ul>\n<p>Malgrat aquest avan\u00e7 cap a la nova normalitat, cal recordar que per a evitar un nou rebrot de contagis de COVID-19 al territori \u00e9s necessari respectar les normes establertes per les autoritats competents.<\/p>\n ","protected":false},"excerpt":{"rendered":"<p>El S\u00edndic d&#8217;Aran va acordar aquesta setmana amb la Consellera de Salut de la Generalitat aquest avan\u00e7, ja que les dades de contagi i recuperaci\u00f3 del territori s\u00f3n favorables, per\u00f2 cal recordar que \u00e9s necessari prendre totes les mesures de protecci\u00f3 establertes per a evitar un nou rebrot de COVID-19 a l\u2019Aran Tal com va&#8230;<\/p>\n","protected":false},"author":10,"featured_media":33862,"comment_status":"closed","ping_status":"closed","sticky":false,"template":"","format":"standard","meta":{"footnotes":""},"categories":[53],"tags":[],"_links":{"self":[{"href":"https:\/\/www.conselharan.org\/ca\/wp-json\/wp\/v2\/posts\/33832"}],"collection":[{"href":"https:\/\/www.conselharan.org\/ca\/wp-json\/wp\/v2\/posts"}],"about":[{"href":"https:\/\/www.conselharan.org\/ca\/wp-json\/wp\/v2\/types\/post"}],"author":[{"embeddable":true,"href":"https:\/\/www.conselharan.org\/ca\/wp-json\/wp\/v2\/users\/10"}],"replies":[{"embeddable":true,"href":"https:\/\/www.conselharan.org\/ca\/wp-json\/wp\/v2\/comments?post=33832"}],"version-history":[{"count":3,"href":"https:\/\/www.conselharan.org\/ca\/wp-json\/wp\/v2\/posts\/33832\/revisions"}],"predecessor-version":[{"id":33866,"href":"https:\/\/www.conselharan.org\/ca\/wp-json\/wp\/v2\/posts\/33832\/revisions\/33866"}],"wp:featuredmedia":[{"embeddable":true,"href":"https:\/\/www.conselharan.org\/ca\/wp-json\/wp\/v2\/media\/33862"}],"wp:attachment":[{"href":"https:\/\/www.conselharan.org\/ca\/wp-json\/wp\/v2\/media?parent=33832"}],"wp:term":[{"taxonomy":"category","embeddable":true,"href":"https:\/\/www.conselharan.org\/ca\/wp-json\/wp\/v2\/categories?post=33832"},{"taxonomy":"post_tag","embeddable":true,"href":"https:\/\/www.conselharan.org\/ca\/wp-json\/wp\/v2\/tags?post=33832"}],"curies":[{"name":"wp","href":"https:\/\/api.w.org\/{rel}","templated":true}]}}