{"id":33908,"date":"2020-05-12T12:08:45","date_gmt":"2020-05-12T10:08:45","guid":{"rendered":"https:\/\/www.conselharan.org\/suprimida-era-30au-edicion-deth-concors-literari-mn-condo-sambeat-pera-crisi-deth-covid-19\/"},"modified":"2020-05-12T12:13:50","modified_gmt":"2020-05-12T10:13:50","slug":"suprimida-era-30au-edicion-deth-concors-literari-mn-condo-sambeat-pera-crisi-deth-covid-19","status":"publish","type":"post","link":"https:\/\/www.conselharan.org\/ca\/suprimida-era-30au-edicion-deth-concors-literari-mn-condo-sambeat-pera-crisi-deth-covid-19\/","title":{"rendered":"Suprimida la 30a edici\u00f3 del concurs literari Mn Cond\u00f2 Sambeat per la crisi del COVID-19"},"content":{"rendered":"<p><a href=\"https:\/\/www.conselharan.org\/wp-content\/uploads\/2020\/05\/aran-de-literatura.jpg\"><img loading=\"lazy\" decoding=\"async\" class=\"aligncenter wp-image-33896 size-full\" src=\"https:\/\/www.conselharan.org\/wp-content\/uploads\/2020\/05\/aran-de-literatura.jpg\" alt=\"\" width=\"600\" height=\"600\" srcset=\"https:\/\/www.conselharan.org\/wp-content\/uploads\/2020\/05\/aran-de-literatura.jpg 600w, https:\/\/www.conselharan.org\/wp-content\/uploads\/2020\/05\/aran-de-literatura-300x300.jpg 300w, https:\/\/www.conselharan.org\/wp-content\/uploads\/2020\/05\/aran-de-literatura-150x150.jpg 150w, https:\/\/www.conselharan.org\/wp-content\/uploads\/2020\/05\/aran-de-literatura-270x270.jpg 270w, https:\/\/www.conselharan.org\/wp-content\/uploads\/2020\/05\/aran-de-literatura-207x207.jpg 207w, https:\/\/www.conselharan.org\/wp-content\/uploads\/2020\/05\/aran-de-literatura-75x75.jpg 75w\" sizes=\"(max-width: 600px) 100vw, 600px\" \/><\/a><\/p>\n<ul>\n<li>\n<h3><strong>En el cas de la 20\u00e8 Premi Literari Aran de Literatura, s&#8217;allarga el termini de presentaci\u00f3 de les obres fins a juny i s&#8217;endarrereix el lliurament de premis fins que la situaci\u00f3 sigui m\u00e9s estable<\/strong><\/h3>\n<\/li>\n<\/ul>\n<p>A causa de la crisi del COVID-19, que ha suposat la paralitzaci\u00f3 de l&#8217;activitat docent presencial i no ha perm\u00e8s als alumnes fer els seus treballs (narracions, poesies i dibuixos), el Conselh Generau d\u2019Aran ha decidit suprimir enguany la 30a edici\u00f3 del Concurs Literari Mn Cond\u00f2 Sambeat i la 13a edici\u00f3 del Concurs de Dibuix a l&#8217;Escola, aix\u00ed com el Festival de Teatre a l&#8217;Escola.<\/p>\n<p>D&#8217;altra banda, s&#8217;allarga el termini de presentaci\u00f3 de les obres de la 20a edici\u00f3 del Premi Literari Aran de Literatura, dirigit a adults, fins al 15 de juny. Els premis s&#8217;atorgaran quan la situaci\u00f3 sigui m\u00e9s estable.<\/p>\n<p><a href=\"https:\/\/www.conselharan.org\/wp-content\/uploads\/2020\/05\/Pre\u0300mi-Aran-de-Literatura.jpg\"><img loading=\"lazy\" decoding=\"async\" class=\"aligncenter wp-image-33900 size-full\" src=\"https:\/\/www.conselharan.org\/wp-content\/uploads\/2020\/05\/Pre\u0300mi-Aran-de-Literatura.jpg\" alt=\"\" width=\"960\" height=\"960\" srcset=\"https:\/\/www.conselharan.org\/wp-content\/uploads\/2020\/05\/Pre\u0300mi-Aran-de-Literatura.jpg 960w, https:\/\/www.conselharan.org\/wp-content\/uploads\/2020\/05\/Pre\u0300mi-Aran-de-Literatura-300x300.jpg 300w, https:\/\/www.conselharan.org\/wp-content\/uploads\/2020\/05\/Pre\u0300mi-Aran-de-Literatura-150x150.jpg 150w, https:\/\/www.conselharan.org\/wp-content\/uploads\/2020\/05\/Pre\u0300mi-Aran-de-Literatura-768x768.jpg 768w, https:\/\/www.conselharan.org\/wp-content\/uploads\/2020\/05\/Pre\u0300mi-Aran-de-Literatura-270x270.jpg 270w, https:\/\/www.conselharan.org\/wp-content\/uploads\/2020\/05\/Pre\u0300mi-Aran-de-Literatura-207x207.jpg 207w, https:\/\/www.conselharan.org\/wp-content\/uploads\/2020\/05\/Pre\u0300mi-Aran-de-Literatura-75x75.jpg 75w\" sizes=\"(max-width: 960px) 100vw, 960px\" \/><\/a><\/p>\n ","protected":false},"excerpt":{"rendered":"<p>En el cas de la 20\u00e8 Premi Literari Aran de Literatura, s&#8217;allarga el termini de presentaci\u00f3 de les obres fins a juny i s&#8217;endarrereix el lliurament de premis fins que la situaci\u00f3 sigui m\u00e9s estable A causa de la crisi del COVID-19, que ha suposat la paralitzaci\u00f3 de l&#8217;activitat docent presencial i no ha perm\u00e8s&#8230;<\/p>\n","protected":false},"author":10,"featured_media":33897,"comment_status":"closed","ping_status":"closed","sticky":false,"template":"","format":"standard","meta":{"footnotes":""},"categories":[133,33],"tags":[],"_links":{"self":[{"href":"https:\/\/www.conselharan.org\/ca\/wp-json\/wp\/v2\/posts\/33908"}],"collection":[{"href":"https:\/\/www.conselharan.org\/ca\/wp-json\/wp\/v2\/posts"}],"about":[{"href":"https:\/\/www.conselharan.org\/ca\/wp-json\/wp\/v2\/types\/post"}],"author":[{"embeddable":true,"href":"https:\/\/www.conselharan.org\/ca\/wp-json\/wp\/v2\/users\/10"}],"replies":[{"embeddable":true,"href":"https:\/\/www.conselharan.org\/ca\/wp-json\/wp\/v2\/comments?post=33908"}],"version-history":[{"count":2,"href":"https:\/\/www.conselharan.org\/ca\/wp-json\/wp\/v2\/posts\/33908\/revisions"}],"predecessor-version":[{"id":33910,"href":"https:\/\/www.conselharan.org\/ca\/wp-json\/wp\/v2\/posts\/33908\/revisions\/33910"}],"wp:featuredmedia":[{"embeddable":true,"href":"https:\/\/www.conselharan.org\/ca\/wp-json\/wp\/v2\/media\/33897"}],"wp:attachment":[{"href":"https:\/\/www.conselharan.org\/ca\/wp-json\/wp\/v2\/media?parent=33908"}],"wp:term":[{"taxonomy":"category","embeddable":true,"href":"https:\/\/www.conselharan.org\/ca\/wp-json\/wp\/v2\/categories?post=33908"},{"taxonomy":"post_tag","embeddable":true,"href":"https:\/\/www.conselharan.org\/ca\/wp-json\/wp\/v2\/tags?post=33908"}],"curies":[{"name":"wp","href":"https:\/\/api.w.org\/{rel}","templated":true}]}}