{"id":33928,"date":"2020-05-14T14:48:04","date_gmt":"2020-05-14T12:48:04","guid":{"rendered":"https:\/\/www.conselharan.org\/eth-conselh-generau-daran-organize-era-prova-dacces-a-cicles-formatius-de-grad-miei\/"},"modified":"2020-05-14T14:50:53","modified_gmt":"2020-05-14T12:50:53","slug":"eth-conselh-generau-daran-organize-era-prova-dacces-a-cicles-formatius-de-grad-miei","status":"publish","type":"post","link":"https:\/\/www.conselharan.org\/ca\/eth-conselh-generau-daran-organize-era-prova-dacces-a-cicles-formatius-de-grad-miei\/","title":{"rendered":"El Conselh Generau d\u2019Aran organitza la prova d&#8217;acc\u00e9s a cicles formatius de grau mitj\u00e0"},"content":{"rendered":"<p><a href=\"https:\/\/www.conselharan.org\/wp-content\/uploads\/2020\/05\/ETEVA.jpg\"><img loading=\"lazy\" decoding=\"async\" class=\"aligncenter wp-image-33920 size-full\" src=\"https:\/\/www.conselharan.org\/wp-content\/uploads\/2020\/05\/ETEVA.jpg\" alt=\"\" width=\"960\" height=\"720\" srcset=\"https:\/\/www.conselharan.org\/wp-content\/uploads\/2020\/05\/ETEVA.jpg 960w, https:\/\/www.conselharan.org\/wp-content\/uploads\/2020\/05\/ETEVA-300x225.jpg 300w, https:\/\/www.conselharan.org\/wp-content\/uploads\/2020\/05\/ETEVA-768x576.jpg 768w\" sizes=\"(max-width: 960px) 100vw, 960px\" \/><\/a><\/p>\n<p>&nbsp;<\/p>\n<ul>\n<li>\n<h3><strong>Les persones que no compten amb el t\u00edtol de l&#8217;ESO o equivalent i vulguin realitzar un cicle formatiu de grau mitj\u00e0, podran inscriure&#8217;s, a partir de dilluns 18 de maig, a aquesta prova d&#8217;acc\u00e9s que tindr\u00e0 lloc el 3 de juliol a ETEVA<\/strong><\/h3>\n<\/li>\n<\/ul>\n<p>El Conselh Generau d\u2019Aran organitza, un any m\u00e9s, la prova d&#8217;acc\u00e9s a cicles formatius de grau mitj\u00e0. Aquesta prova permet a les persones que no compten amb el t\u00edtol oficial de l&#8217;ESO o equivalent accedir als estudis de grau mitj\u00e0.<\/p>\n<p>La crisi sanit\u00e0ria del COVID-19 va obligar a posposar aquesta prova que, finament, es realitzar\u00e0 el pr\u00f2xim 3 de juliol en la seu de l&#8217;Escola de T\u00e8cnics Esportius de la Vall d&#8217;Aran (ETEVA). Totes les persones interessades podran realitzar la inscripci\u00f3 a partir de dilluns, 18 de maig.<\/p>\n<p>Per a inscriure&#8217;s cal ser major de 17 anys (o complir-los durant aquest 2020) i no es poden inscriure les persones amb la titulaci\u00f3 acad\u00e8mica que permet l&#8217;acc\u00e9s directe als cicles formatius de grau mitj\u00e0.<\/p>\n<p>La taxa d&#8217;inscripci\u00f3 \u00e9s de 40 euros i es pot realitzar a trav\u00e9s de la web d\u2019ETEVA.<\/p>\n<p>Per a m\u00e9s informaci\u00f3 es pot contactar amb ETEVA a trav\u00e9s del mail <a href=\"mailto:informacion@eteva.org\">informacion@eteva.org<\/a> o b\u00e9 al tel\u00e8fon 973 64 45 95.<\/p>\n<p>&nbsp;<\/p>\n ","protected":false},"excerpt":{"rendered":"<p>&nbsp; Les persones que no compten amb el t\u00edtol de l&#8217;ESO o equivalent i vulguin realitzar un cicle formatiu de grau mitj\u00e0, podran inscriure&#8217;s, a partir de dilluns 18 de maig, a aquesta prova d&#8217;acc\u00e9s que tindr\u00e0 lloc el 3 de juliol a ETEVA El Conselh Generau d\u2019Aran organitza, un any m\u00e9s, la prova d&#8217;acc\u00e9s&#8230;<\/p>\n","protected":false},"author":10,"featured_media":33921,"comment_status":"closed","ping_status":"closed","sticky":false,"template":"","format":"standard","meta":{"footnotes":""},"categories":[791,33],"tags":[],"_links":{"self":[{"href":"https:\/\/www.conselharan.org\/ca\/wp-json\/wp\/v2\/posts\/33928"}],"collection":[{"href":"https:\/\/www.conselharan.org\/ca\/wp-json\/wp\/v2\/posts"}],"about":[{"href":"https:\/\/www.conselharan.org\/ca\/wp-json\/wp\/v2\/types\/post"}],"author":[{"embeddable":true,"href":"https:\/\/www.conselharan.org\/ca\/wp-json\/wp\/v2\/users\/10"}],"replies":[{"embeddable":true,"href":"https:\/\/www.conselharan.org\/ca\/wp-json\/wp\/v2\/comments?post=33928"}],"version-history":[{"count":1,"href":"https:\/\/www.conselharan.org\/ca\/wp-json\/wp\/v2\/posts\/33928\/revisions"}],"predecessor-version":[{"id":33929,"href":"https:\/\/www.conselharan.org\/ca\/wp-json\/wp\/v2\/posts\/33928\/revisions\/33929"}],"wp:featuredmedia":[{"embeddable":true,"href":"https:\/\/www.conselharan.org\/ca\/wp-json\/wp\/v2\/media\/33921"}],"wp:attachment":[{"href":"https:\/\/www.conselharan.org\/ca\/wp-json\/wp\/v2\/media?parent=33928"}],"wp:term":[{"taxonomy":"category","embeddable":true,"href":"https:\/\/www.conselharan.org\/ca\/wp-json\/wp\/v2\/categories?post=33928"},{"taxonomy":"post_tag","embeddable":true,"href":"https:\/\/www.conselharan.org\/ca\/wp-json\/wp\/v2\/tags?post=33928"}],"curies":[{"name":"wp","href":"https:\/\/api.w.org\/{rel}","templated":true}]}}