{"id":33940,"date":"2020-05-15T08:59:02","date_gmt":"2020-05-15T06:59:02","guid":{"rendered":"https:\/\/www.conselharan.org\/er-espitau-val-daran-barre-era-planta-dospitalizacion-destinada-ath-covid-19\/"},"modified":"2020-05-18T12:42:03","modified_gmt":"2020-05-18T10:42:03","slug":"er-espitau-val-daran-barre-era-planta-dospitalizacion-destinada-ath-covid-19","status":"publish","type":"post","link":"https:\/\/www.conselharan.org\/ca\/er-espitau-val-daran-barre-era-planta-dospitalizacion-destinada-ath-covid-19\/","title":{"rendered":"L\u2019Espitau Val d&#8217;Aran tanca la planta d&#8217;hospitalitzaci\u00f3 destinada al COVID-19"},"content":{"rendered":"<p><a href=\"https:\/\/www.conselharan.org\/wp-content\/uploads\/2020\/04\/Espitau-scaled.jpg\"><img loading=\"lazy\" decoding=\"async\" class=\"aligncenter wp-image-33464 size-large\" src=\"https:\/\/www.conselharan.org\/wp-content\/uploads\/2020\/04\/Espitau-1024x768.jpg\" alt=\"\" width=\"1024\" height=\"768\" srcset=\"https:\/\/www.conselharan.org\/wp-content\/uploads\/2020\/04\/Espitau-1024x768.jpg 1024w, https:\/\/www.conselharan.org\/wp-content\/uploads\/2020\/04\/Espitau-300x225.jpg 300w, https:\/\/www.conselharan.org\/wp-content\/uploads\/2020\/04\/Espitau-768x576.jpg 768w, https:\/\/www.conselharan.org\/wp-content\/uploads\/2020\/04\/Espitau-1536x1152.jpg 1536w, https:\/\/www.conselharan.org\/wp-content\/uploads\/2020\/04\/Espitau-2048x1536.jpg 2048w\" sizes=\"(max-width: 1024px) 100vw, 1024px\" \/><\/a><\/p>\n<ul>\n<li>\n<h3><strong>Aquest tancament arriba despr\u00e9s que l&#8217;\u00faltim pacient de l\u2019Espitau Val d&#8217;Aran ingressat per COVID-19 reb\u00e9s ahir l&#8217;alta hospital\u00e0ria<\/strong><\/h3>\n<\/li>\n<\/ul>\n<p>Durant el dia d&#8217;ahir, l&#8217;\u00faltim pacient ingressat per coronavirus a l\u2019Espitau Val d&#8217;Aran va rebre l&#8217;alta hospital\u00e0ria, motiu pel qual l&#8217;hospital ha tancat ja la planta de COVID-19, on han estat ingressats els pacients afectats pel virus aquests \u00faltims mesos. Encara aix\u00ed, l&#8217;hospital reserva la zona d&#8217;ingr\u00e9s sociosanitari per als possibles casos que poguessin apar\u00e8ixer.<\/p>\n<p>Des del mes de mar\u00e7 passat, s&#8217;han confirmat a l\u2019Aran 125 casos de COVID-19, 90 a trav\u00e9s de la prova PCR, que identifica la infecci\u00f3, i 35 m\u00e9s a trav\u00e9s dels test serol\u00f2gics adquirits pel Conselh Generau d\u2019Aran i que detecten la immunitat.<\/p>\n<p>Recordem que, durant la crisi sanit\u00e0ria, el govern del Conselh Generau d\u2019Aran ha informat puntualment de tots els casos positius confirmats a trav\u00e9s de les proves PCR i test serol\u00f2gics. Durant les \u00faltimes setmanes, el nombre de comunicats emesos per l&#8217;administraci\u00f3 sobre els casos de COVID-19 a l\u2019Aran ha anat disminuint a mesura que es redu\u00efa tamb\u00e9 el nivell de contagis i, per tant, els positius confirmats. Encara aix\u00ed els serveis d&#8217;atenci\u00f3 prim\u00e0ria encara duen a terme el control de diversos pacients en a\u00efllament domiciliari que presenten simptomatologia lleu compatible amb el COVID-19.<\/p>\n ","protected":false},"excerpt":{"rendered":"<p>Aquest tancament arriba despr\u00e9s que l&#8217;\u00faltim pacient de l\u2019Espitau Val d&#8217;Aran ingressat per COVID-19 reb\u00e9s ahir l&#8217;alta hospital\u00e0ria Durant el dia d&#8217;ahir, l&#8217;\u00faltim pacient ingressat per coronavirus a l\u2019Espitau Val d&#8217;Aran va rebre l&#8217;alta hospital\u00e0ria, motiu pel qual l&#8217;hospital ha tancat ja la planta de COVID-19, on han estat ingressats els pacients afectats pel virus&#8230;<\/p>\n","protected":false},"author":10,"featured_media":33465,"comment_status":"closed","ping_status":"closed","sticky":false,"template":"","format":"standard","meta":{"footnotes":""},"categories":[33],"tags":[],"_links":{"self":[{"href":"https:\/\/www.conselharan.org\/ca\/wp-json\/wp\/v2\/posts\/33940"}],"collection":[{"href":"https:\/\/www.conselharan.org\/ca\/wp-json\/wp\/v2\/posts"}],"about":[{"href":"https:\/\/www.conselharan.org\/ca\/wp-json\/wp\/v2\/types\/post"}],"author":[{"embeddable":true,"href":"https:\/\/www.conselharan.org\/ca\/wp-json\/wp\/v2\/users\/10"}],"replies":[{"embeddable":true,"href":"https:\/\/www.conselharan.org\/ca\/wp-json\/wp\/v2\/comments?post=33940"}],"version-history":[{"count":1,"href":"https:\/\/www.conselharan.org\/ca\/wp-json\/wp\/v2\/posts\/33940\/revisions"}],"predecessor-version":[{"id":33941,"href":"https:\/\/www.conselharan.org\/ca\/wp-json\/wp\/v2\/posts\/33940\/revisions\/33941"}],"wp:featuredmedia":[{"embeddable":true,"href":"https:\/\/www.conselharan.org\/ca\/wp-json\/wp\/v2\/media\/33465"}],"wp:attachment":[{"href":"https:\/\/www.conselharan.org\/ca\/wp-json\/wp\/v2\/media?parent=33940"}],"wp:term":[{"taxonomy":"category","embeddable":true,"href":"https:\/\/www.conselharan.org\/ca\/wp-json\/wp\/v2\/categories?post=33940"},{"taxonomy":"post_tag","embeddable":true,"href":"https:\/\/www.conselharan.org\/ca\/wp-json\/wp\/v2\/tags?post=33940"}],"curies":[{"name":"wp","href":"https:\/\/api.w.org\/{rel}","templated":true}]}}