{"id":34144,"date":"2020-05-27T15:40:39","date_gmt":"2020-05-27T13:40:39","guid":{"rendered":"https:\/\/www.conselharan.org\/se-confirme-un-nau-cas-de-covid-19-en-aran-3\/"},"modified":"2020-05-27T15:43:54","modified_gmt":"2020-05-27T13:43:54","slug":"se-confirme-un-nau-cas-de-covid-19-en-aran-3","status":"publish","type":"post","link":"https:\/\/www.conselharan.org\/ca\/se-confirme-un-nau-cas-de-covid-19-en-aran-3\/","title":{"rendered":"Es confirma un nou cas de COVID-19 a l&#8217;Aran"},"content":{"rendered":"<p><a href=\"https:\/\/www.conselharan.org\/wp-content\/uploads\/2020\/05\/conselh.jpg\"><img loading=\"lazy\" decoding=\"async\" class=\"aligncenter wp-image-34136 size-full\" src=\"https:\/\/www.conselharan.org\/wp-content\/uploads\/2020\/05\/conselh.jpg\" alt=\"\" width=\"720\" height=\"720\" srcset=\"https:\/\/www.conselharan.org\/wp-content\/uploads\/2020\/05\/conselh.jpg 720w, https:\/\/www.conselharan.org\/wp-content\/uploads\/2020\/05\/conselh-300x300.jpg 300w, https:\/\/www.conselharan.org\/wp-content\/uploads\/2020\/05\/conselh-150x150.jpg 150w, https:\/\/www.conselharan.org\/wp-content\/uploads\/2020\/05\/conselh-270x270.jpg 270w, https:\/\/www.conselharan.org\/wp-content\/uploads\/2020\/05\/conselh-207x207.jpg 207w, https:\/\/www.conselharan.org\/wp-content\/uploads\/2020\/05\/conselh-75x75.jpg 75w\" sizes=\"(max-width: 720px) 100vw, 720px\" \/><\/a><\/p>\n<ul>\n<li>\n<h3><strong>El cas ha estat confirmat a trav\u00e9s de la prova PCR<\/strong><\/h3>\n<\/li>\n<\/ul>\n<p>La persona afectada es troba en a\u00efllament domiciliari. En aquests moments s&#8217;ha posat en marxa el protocol de seguiment, d&#8217;acord amb el Servei de Vigil\u00e0ncia Epidemiol\u00f2gica, i els professionals sanitaris d&#8217;atenci\u00f3 prim\u00e0ria del Espitau Val d&#8217;Aran realitzaran un seguiment als contactes de la persona afectada, per a comprovar que no hi hagi m\u00e9s contagiats.<\/p>\n<p>El govern del Conselh Generau d\u2019Aran recorda a la ciutadania aranesa que \u00e9s necessari seguir totes les mesures preventives establertes per les autoritats sanit\u00e0ries per a evitar un nou rebrot de COVID-19, que faria tornar a fer passos enrere el nostre territori.<\/p>\n<p>Actialment, el total de casos confirmats a la Val d\u2019Aran \u00e9s de 129: 93 detectats a trav\u00e9s de la prova PCR (identifica la infecci\u00f3) i 35 a trav\u00e9s de test serol\u00f2gics (identifiquen la immunitat).<\/p>\n ","protected":false},"excerpt":{"rendered":"<p>El cas ha estat confirmat a trav\u00e9s de la prova PCR La persona afectada es troba en a\u00efllament domiciliari. En aquests moments s&#8217;ha posat en marxa el protocol de seguiment, d&#8217;acord amb el Servei de Vigil\u00e0ncia Epidemiol\u00f2gica, i els professionals sanitaris d&#8217;atenci\u00f3 prim\u00e0ria del Espitau Val d&#8217;Aran realitzaran un seguiment als contactes de la persona&#8230;<\/p>\n","protected":false},"author":10,"featured_media":34137,"comment_status":"closed","ping_status":"closed","sticky":false,"template":"","format":"standard","meta":{"footnotes":""},"categories":[33,805],"tags":[],"_links":{"self":[{"href":"https:\/\/www.conselharan.org\/ca\/wp-json\/wp\/v2\/posts\/34144"}],"collection":[{"href":"https:\/\/www.conselharan.org\/ca\/wp-json\/wp\/v2\/posts"}],"about":[{"href":"https:\/\/www.conselharan.org\/ca\/wp-json\/wp\/v2\/types\/post"}],"author":[{"embeddable":true,"href":"https:\/\/www.conselharan.org\/ca\/wp-json\/wp\/v2\/users\/10"}],"replies":[{"embeddable":true,"href":"https:\/\/www.conselharan.org\/ca\/wp-json\/wp\/v2\/comments?post=34144"}],"version-history":[{"count":2,"href":"https:\/\/www.conselharan.org\/ca\/wp-json\/wp\/v2\/posts\/34144\/revisions"}],"predecessor-version":[{"id":34193,"href":"https:\/\/www.conselharan.org\/ca\/wp-json\/wp\/v2\/posts\/34144\/revisions\/34193"}],"wp:featuredmedia":[{"embeddable":true,"href":"https:\/\/www.conselharan.org\/ca\/wp-json\/wp\/v2\/media\/34137"}],"wp:attachment":[{"href":"https:\/\/www.conselharan.org\/ca\/wp-json\/wp\/v2\/media?parent=34144"}],"wp:term":[{"taxonomy":"category","embeddable":true,"href":"https:\/\/www.conselharan.org\/ca\/wp-json\/wp\/v2\/categories?post=34144"},{"taxonomy":"post_tag","embeddable":true,"href":"https:\/\/www.conselharan.org\/ca\/wp-json\/wp\/v2\/tags?post=34144"}],"curies":[{"name":"wp","href":"https:\/\/api.w.org\/{rel}","templated":true}]}}