{"id":34203,"date":"2020-05-28T13:30:40","date_gmt":"2020-05-28T11:30:40","guid":{"rendered":"https:\/\/www.conselharan.org\/er-espitau-val-daran-podera-realizar-in-situ-proves-pcr-ta-detectar-era-infeccion-e-proves-serologiques-ta-identificar-era-inmunitat-deuant-deth-covid-19\/"},"modified":"2020-05-28T13:37:39","modified_gmt":"2020-05-28T11:37:39","slug":"er-espitau-val-daran-podera-realizar-in-situ-proves-pcr-ta-detectar-era-infeccion-e-proves-serologiques-ta-identificar-era-inmunitat-deuant-deth-covid-19","status":"publish","type":"post","link":"https:\/\/www.conselharan.org\/ca\/er-espitau-val-daran-podera-realizar-in-situ-proves-pcr-ta-detectar-era-infeccion-e-proves-serologiques-ta-identificar-era-inmunitat-deuant-deth-covid-19\/","title":{"rendered":"El Espitau Val d&#8217;Aran podr\u00e0 realitzar in situ proves PCR per a detectar la infecci\u00f3 i proves serol\u00f2giques per a identificar la immunitat davant el COVID-19"},"content":{"rendered":"<p><a href=\"https:\/\/www.conselharan.org\/wp-content\/uploads\/2020\/05\/Espitau-scaled-1.jpg\"><img loading=\"lazy\" decoding=\"async\" class=\"aligncenter wp-image-34195 size-large\" src=\"https:\/\/www.conselharan.org\/wp-content\/uploads\/2020\/05\/Espitau-scaled-1-1024x768.jpg\" alt=\"\" width=\"1024\" height=\"768\" srcset=\"https:\/\/www.conselharan.org\/wp-content\/uploads\/2020\/05\/Espitau-scaled-1-1024x768.jpg 1024w, https:\/\/www.conselharan.org\/wp-content\/uploads\/2020\/05\/Espitau-scaled-1-300x225.jpg 300w, https:\/\/www.conselharan.org\/wp-content\/uploads\/2020\/05\/Espitau-scaled-1-768x576.jpg 768w, https:\/\/www.conselharan.org\/wp-content\/uploads\/2020\/05\/Espitau-scaled-1-1536x1152.jpg 1536w, https:\/\/www.conselharan.org\/wp-content\/uploads\/2020\/05\/Espitau-scaled-1-2048x1536.jpg 2048w\" sizes=\"(max-width: 1024px) 100vw, 1024px\" \/><\/a><\/p>\n<ul>\n<li>\n<h3><strong>Despr\u00e9s de les diverses gestions dutes a terme i dels canvis en els protocols existents, es podran realitzar proves PCR al propi laboratori de l\u2019Espitau en casos d&#8217;urg\u00e8ncia, aix\u00ed com proves serol\u00f2giques a trav\u00e9s de l&#8217;an\u00e0lisi de sang per a con\u00e8ixer el grau d&#8217;immunitat davant el COVID-19, sempre sota criteri m\u00e8dic<\/strong><\/h3>\n<\/li>\n<\/ul>\n<p>Durant tota la crisi sanit\u00e0ria provocada pel COVID-19, s&#8217;han realitzat proves PCR (que detecten la infecci\u00f3 del COVID-19) a trav\u00e9s de les \u00e0rees d&#8217;atenci\u00f3 prim\u00e0ria i urg\u00e8ncies del Espitau Val d&#8217;Aran respectant els protocols establerts per les autoritats sanit\u00e0ries. Aquestes mostres s&#8217;emportaven a analitzar al laboratori de l&#8217;Hospital Arnau de Vilanova ja que a l\u2019Aran no es comptava amb els recursos necessaris.<\/p>\n<p>Un vegada superada la fase cr\u00edtica de la pand\u00e8mia i despr\u00e9s de diverses gestions dutes a terme pels responsables de la sanitat aranesa, aquestes proves podran realitzar-se a l\u2019Aran. Referent a les proves PCR, es realitzaran en casos d&#8217;urg\u00e8ncia, quan el pacient necessiti assist\u00e8ncia quir\u00fargica. Aix\u00ed mateix, les proves serol\u00f2giques que detecten la pres\u00e8ncia d&#8217;anticossos del COVID-19, es podran realitzar tamb\u00e9 al laboratori de l\u2019Espitau Val d\u2019Aran. Totes dues proves es realitzaran sempre sota criteri m\u00e8dic.<\/p>\n<p>Actualment, es disposa d&#8217;un nombre limitat de proves PCR, per aix\u00f2 es faran en casos d&#8217;urg\u00e8ncia, la resta es continuaran enviant al laboratori de l&#8217;hospital Arnau de Vilanova. Cal recordar que la PCR \u00e9s la prova considerada de major fiabilitat diagn\u00f2stica per a detectar la malaltia aguda. D&#8217;altra banda, les proves serol\u00f2giques permeten la possibilitat de detectar tant la malaltia activa com la malaltia passada i resolta, i la possible immunitat, i a partir d&#8217;ara, sota la prescripci\u00f3 del metge de cap\u00e7alera, es realitzaran a trav\u00e9s de la t\u00e8cnica ELISA que detecta anticossos totals i que \u00e9s 100% fiable.<\/p>\n<p>La consellera d&#8217;Igualtat, Salut i Benestar del Conselh Generau d\u2019Aran, Maria Verg\u00e9s, manifesta que \u201c<strong>gr\u00e0cies a les gestions realitzades podrem, d&#8217;una banda, tenir m\u00e9s informaci\u00f3 i de forma m\u00e9s r\u00e0pida, cosa que ens ajudar\u00e0 a reaccionar amb agilitat, i per l&#8217;altra, prendre les mesures adequades de protecci\u00f3 dels professionals i de la poblaci\u00f3 en general<\/strong>\u201d.<\/p>\n<p>Les indicacions per a cadascuna d&#8217;aquestes proves han estat definides i consensuades amb el Servei de Vigil\u00e0ncia Epidemiol\u00f2gica del Departament de Salut de la Generalitat de Catalunya i tots els professionals sanitaris del Conselh Generau d\u2019Aran han rebut la informaci\u00f3 sobre aquest tema.<\/p>\n ","protected":false},"excerpt":{"rendered":"<p>Despr\u00e9s de les diverses gestions dutes a terme i dels canvis en els protocols existents, es podran realitzar proves PCR al propi laboratori de l\u2019Espitau en casos d&#8217;urg\u00e8ncia, aix\u00ed com proves serol\u00f2giques a trav\u00e9s de l&#8217;an\u00e0lisi de sang per a con\u00e8ixer el grau d&#8217;immunitat davant el COVID-19, sempre sota criteri m\u00e8dic Durant tota la crisi&#8230;<\/p>\n","protected":false},"author":10,"featured_media":34196,"comment_status":"closed","ping_status":"closed","sticky":false,"template":"","format":"standard","meta":{"footnotes":""},"categories":[53],"tags":[],"_links":{"self":[{"href":"https:\/\/www.conselharan.org\/ca\/wp-json\/wp\/v2\/posts\/34203"}],"collection":[{"href":"https:\/\/www.conselharan.org\/ca\/wp-json\/wp\/v2\/posts"}],"about":[{"href":"https:\/\/www.conselharan.org\/ca\/wp-json\/wp\/v2\/types\/post"}],"author":[{"embeddable":true,"href":"https:\/\/www.conselharan.org\/ca\/wp-json\/wp\/v2\/users\/10"}],"replies":[{"embeddable":true,"href":"https:\/\/www.conselharan.org\/ca\/wp-json\/wp\/v2\/comments?post=34203"}],"version-history":[{"count":1,"href":"https:\/\/www.conselharan.org\/ca\/wp-json\/wp\/v2\/posts\/34203\/revisions"}],"predecessor-version":[{"id":34204,"href":"https:\/\/www.conselharan.org\/ca\/wp-json\/wp\/v2\/posts\/34203\/revisions\/34204"}],"wp:featuredmedia":[{"embeddable":true,"href":"https:\/\/www.conselharan.org\/ca\/wp-json\/wp\/v2\/media\/34196"}],"wp:attachment":[{"href":"https:\/\/www.conselharan.org\/ca\/wp-json\/wp\/v2\/media?parent=34203"}],"wp:term":[{"taxonomy":"category","embeddable":true,"href":"https:\/\/www.conselharan.org\/ca\/wp-json\/wp\/v2\/categories?post=34203"},{"taxonomy":"post_tag","embeddable":true,"href":"https:\/\/www.conselharan.org\/ca\/wp-json\/wp\/v2\/tags?post=34203"}],"curies":[{"name":"wp","href":"https:\/\/api.w.org\/{rel}","templated":true}]}}