{"id":34277,"date":"2020-06-02T11:22:52","date_gmt":"2020-06-02T09:22:52","guid":{"rendered":"https:\/\/www.conselharan.org\/eth-sindic-daran-considere-queth-pas-ara-fasa-3-permetera-a-aran-a-afrontar-er-ostiu-damb-milhors-perspectives\/"},"modified":"2020-06-02T11:23:38","modified_gmt":"2020-06-02T09:23:38","slug":"eth-sindic-daran-considere-queth-pas-ara-fasa-3-permetera-a-aran-a-afrontar-er-ostiu-damb-milhors-perspectives","status":"publish","type":"post","link":"https:\/\/www.conselharan.org\/ca\/eth-sindic-daran-considere-queth-pas-ara-fasa-3-permetera-a-aran-a-afrontar-er-ostiu-damb-milhors-perspectives\/","title":{"rendered":"El s\u00edndic d&#8217;Aran considera que el pas a la Fase 3 permetr\u00e0 a Aran afrontar l&#8217;estiu amb millors perspectives"},"content":{"rendered":"<p><a href=\"https:\/\/www.conselharan.org\/wp-content\/uploads\/2020\/06\/Captura-de-pantalla-2020-06-02-a-las-11.20.00.png\"><img loading=\"lazy\" decoding=\"async\" class=\"aligncenter wp-image-34272 size-large\" src=\"https:\/\/www.conselharan.org\/wp-content\/uploads\/2020\/06\/Captura-de-pantalla-2020-06-02-a-las-11.20.00-1024x676.png\" alt=\"\" width=\"1024\" height=\"676\" srcset=\"https:\/\/www.conselharan.org\/wp-content\/uploads\/2020\/06\/Captura-de-pantalla-2020-06-02-a-las-11.20.00-1024x676.png 1024w, https:\/\/www.conselharan.org\/wp-content\/uploads\/2020\/06\/Captura-de-pantalla-2020-06-02-a-las-11.20.00-300x198.png 300w, https:\/\/www.conselharan.org\/wp-content\/uploads\/2020\/06\/Captura-de-pantalla-2020-06-02-a-las-11.20.00-768x507.png 768w, https:\/\/www.conselharan.org\/wp-content\/uploads\/2020\/06\/Captura-de-pantalla-2020-06-02-a-las-11.20.00.png 1182w\" sizes=\"(max-width: 1024px) 100vw, 1024px\" \/><\/a><\/p>\n<ul>\n<li>\n<h3><strong>La Fase 3, que \u00e9s l&#8217;\u00faltima fase de desescalada del COVID-19, podria implicar la mobilitat entre prov\u00edncies o autonomies que es troben en la mateixa fase<\/strong><strong>\u00a0<\/strong><\/h3>\n<\/li>\n<\/ul>\n<p>El departament de Salut de la Generalitat va anunciar ahir que proposar\u00e0 a l&#8217;Estat que la Val d&#8217;Aran, juntament amb la resta de la regi\u00f3 sanit\u00e0ria de l&#8217;Alt Pirineu i Aran, avanci dilluns que ve, 8 de juny a la Fase 3 de desescalada del COVID-19.<\/p>\n<p>El s\u00edndic d&#8217;Aran, Franc\u00e9s Boya, s&#8217;ha mostrat molt satisfet amb aquest fet, donat que: \u201c<strong>la fase 3 \u00e9s ja l&#8217;\u00faltima fase de desescalada, el pas previ a la nova normalitat<\/strong>\u201d. El s\u00edndic afirma que: \u201c<strong>aconseguir aquest avan\u00e7 ens permetr\u00e0 afrontar l&#8217;estiu amb bones perspectives, ja que la recuperaci\u00f3 de la mobilitat permetr\u00e0 a Aran reactivar la seva economia<\/strong>\u201d.<\/p>\n<p>Amb la fase 3 es permetr\u00e0 la mobilitat entre regions sanit\u00e0ries que es trobin en la mateixa fase, per\u00f2 ahir el ministre de Transport, Jos\u00e9 Luis \u00c1balos, va plantejar tamb\u00e9 (segons l&#8217;evoluci\u00f3 de la pand\u00e8mia) la possibilitat de permetre els viatges entre prov\u00edncies i comunitats aut\u00f2nomes que es trobin tamb\u00e9 en fase 3.<\/p>\n<p>Est\u00e0 previst que la sisena i \u00faltima pr\u00f2rroga de l&#8217;Estat d&#8217;Alarma finalitzi el 21 de juny i, a partir d&#8217;aquest moment, es pugui reprendre la mobilitat habitual, sempre depenent de l&#8217;evoluci\u00f3 epidemiol\u00f2gica.<\/p>\n ","protected":false},"excerpt":{"rendered":"<p>La Fase 3, que \u00e9s l&#8217;\u00faltima fase de desescalada del COVID-19, podria implicar la mobilitat entre prov\u00edncies o autonomies que es troben en la mateixa fase\u00a0 El departament de Salut de la Generalitat va anunciar ahir que proposar\u00e0 a l&#8217;Estat que la Val d&#8217;Aran, juntament amb la resta de la regi\u00f3 sanit\u00e0ria de l&#8217;Alt Pirineu&#8230;<\/p>\n","protected":false},"author":10,"featured_media":34273,"comment_status":"closed","ping_status":"closed","sticky":false,"template":"","format":"standard","meta":{"footnotes":""},"categories":[53,805],"tags":[],"_links":{"self":[{"href":"https:\/\/www.conselharan.org\/ca\/wp-json\/wp\/v2\/posts\/34277"}],"collection":[{"href":"https:\/\/www.conselharan.org\/ca\/wp-json\/wp\/v2\/posts"}],"about":[{"href":"https:\/\/www.conselharan.org\/ca\/wp-json\/wp\/v2\/types\/post"}],"author":[{"embeddable":true,"href":"https:\/\/www.conselharan.org\/ca\/wp-json\/wp\/v2\/users\/10"}],"replies":[{"embeddable":true,"href":"https:\/\/www.conselharan.org\/ca\/wp-json\/wp\/v2\/comments?post=34277"}],"version-history":[{"count":1,"href":"https:\/\/www.conselharan.org\/ca\/wp-json\/wp\/v2\/posts\/34277\/revisions"}],"predecessor-version":[{"id":34278,"href":"https:\/\/www.conselharan.org\/ca\/wp-json\/wp\/v2\/posts\/34277\/revisions\/34278"}],"wp:featuredmedia":[{"embeddable":true,"href":"https:\/\/www.conselharan.org\/ca\/wp-json\/wp\/v2\/media\/34273"}],"wp:attachment":[{"href":"https:\/\/www.conselharan.org\/ca\/wp-json\/wp\/v2\/media?parent=34277"}],"wp:term":[{"taxonomy":"category","embeddable":true,"href":"https:\/\/www.conselharan.org\/ca\/wp-json\/wp\/v2\/categories?post=34277"},{"taxonomy":"post_tag","embeddable":true,"href":"https:\/\/www.conselharan.org\/ca\/wp-json\/wp\/v2\/tags?post=34277"}],"curies":[{"name":"wp","href":"https:\/\/api.w.org\/{rel}","templated":true}]}}