{"id":34329,"date":"2020-06-05T14:40:42","date_gmt":"2020-06-05T12:40:42","guid":{"rendered":"https:\/\/www.conselharan.org\/eth-conselh-generau-daran-e-era-deputacion-de-lheida-acorden-reforcar-e-ampliar-eth-son-conveni-de-collaboracion\/"},"modified":"2021-05-27T12:54:58","modified_gmt":"2021-05-27T10:54:58","slug":"eth-conselh-generau-daran-e-era-deputacion-de-lheida-acorden-reforcar-e-ampliar-eth-son-conveni-de-collaboracion","status":"publish","type":"post","link":"https:\/\/www.conselharan.org\/ca\/eth-conselh-generau-daran-e-era-deputacion-de-lheida-acorden-reforcar-e-ampliar-eth-son-conveni-de-collaboracion\/","title":{"rendered":"El Conselh Generau d\u2019Aran i la Diputaci\u00f3 de Lleida acorden refor\u00e7ar i ampliar el seu conveni de col\u00b7laboraci\u00f3"},"content":{"rendered":"<p><a href=\"https:\/\/www.conselharan.org\/wp-content\/uploads\/2020\/06\/Amassada-Deputacion.jpg\"><img loading=\"lazy\" decoding=\"async\" class=\"aligncenter wp-image-34321 size-full\" src=\"https:\/\/www.conselharan.org\/wp-content\/uploads\/2020\/06\/Amassada-Deputacion.jpg\" alt=\"\" width=\"960\" height=\"720\" srcset=\"https:\/\/www.conselharan.org\/wp-content\/uploads\/2020\/06\/Amassada-Deputacion.jpg 960w, https:\/\/www.conselharan.org\/wp-content\/uploads\/2020\/06\/Amassada-Deputacion-300x225.jpg 300w, https:\/\/www.conselharan.org\/wp-content\/uploads\/2020\/06\/Amassada-Deputacion-768x576.jpg 768w\" sizes=\"(max-width: 960px) 100vw, 960px\" \/><\/a><\/p>\n<ul>\n<li>\n<h3><strong>El s\u00edndic d&#8217;Aran i el conseller de Governaci\u00f3 i diputat provincial s&#8217;han reunit amb el president de la Diputaci\u00f3 per a tancar la renovaci\u00f3 i ampliaci\u00f3 d&#8217;aquest conveni i establir altres col\u00b7laboracions en mat\u00e8ria de patrimoni i sanitat<\/strong><\/h3>\n<\/li>\n<\/ul>\n<p>El s\u00edndic d&#8217;Aran, Franc\u00e9s Boya, i el conseller de Governaci\u00f3 del Conselh Generau d\u2019Aran i diputat provincial, Amador Marqu\u00e9s, s&#8217;han reunit virtualment amb el president de la Diputaci\u00f3 de Lleida, Joan Talarn, per a tancar l&#8217;acord per a la renovaci\u00f3, refor\u00e7 i ampliaci\u00f3 del conveni marc entre totes dues institucions.<\/p>\n<p>El conseller Marqu\u00e9s s&#8217;ha mostrat molt satisfet amb aquest acord que: \u201cno \u00e9s nom\u00e9s la renovaci\u00f3 d&#8217;un conveni, sin\u00f3 que hem aconseguit refor\u00e7ar i ampliar la col\u00b7laboraci\u00f3 amb la Diputaci\u00f3 en mat\u00e8ria de foment de la llengua, promoci\u00f3 econ\u00f2mica, turisme i patrimoni\u201d.<\/p>\n<p>Aquest conveni marc entre totes dues institucions, que t\u00e9 una dotaci\u00f3 pressupost\u00e0ria de 220.000 euros anuals i concretar\u00e0 els compromisos mutus per als pr\u00f2xims 4 anys, s&#8217;aprovar\u00e0 en el ple de la Diputaci\u00f3 d&#8217;aquest mes de juny.<\/p>\n<p>Marqu\u00e8s explica que: \u201cm\u00e9s enll\u00e0 de la renovaci\u00f3 i ampliaci\u00f3 del conveni, s&#8217;ha aconseguit una ajuda espec\u00edfica per a la restauraci\u00f3 del patrimoni i una altra per a la renovaci\u00f3 de l&#8217;equip m\u00e8dic del Espitau Val d&#8217;Aran, que anirem concretant en les pr\u00f2ximes setmanes\u201d, i afegeix que: \u201caquesta estreta col\u00b7laboraci\u00f3 amb la Diputaci\u00f3 \u00e9s fruit del suport que vam donar als pressupostos de 2020\u201d.<\/p>\n<p>Aquest conveni, contempla tamb\u00e9 una partida de 25.000 euros destinada al manteniment del Centre de Tecnificaci\u00f3 d\u2019Esports d\u2019Hivern de la Val d\u2019Aran (CETEI).<\/p>\n<p><a href=\"https:\/\/www.conselharan.org\/wp-content\/uploads\/2020\/06\/diputacio.jpg\"><img loading=\"lazy\" decoding=\"async\" class=\"alignnone wp-image-42773 size-medium\" src=\"https:\/\/www.conselharan.org\/wp-content\/uploads\/2020\/06\/diputacio-300x150.jpg\" alt=\"\" width=\"300\" height=\"150\" srcset=\"https:\/\/www.conselharan.org\/wp-content\/uploads\/2020\/06\/diputacio-300x150.jpg 300w, https:\/\/www.conselharan.org\/wp-content\/uploads\/2020\/06\/diputacio-1024x512.jpg 1024w, https:\/\/www.conselharan.org\/wp-content\/uploads\/2020\/06\/diputacio-768x384.jpg 768w, https:\/\/www.conselharan.org\/wp-content\/uploads\/2020\/06\/diputacio-1536x768.jpg 1536w, https:\/\/www.conselharan.org\/wp-content\/uploads\/2020\/06\/diputacio-640x320.jpg 640w, https:\/\/www.conselharan.org\/wp-content\/uploads\/2020\/06\/diputacio.jpg 1654w\" sizes=\"(max-width: 300px) 100vw, 300px\" \/><\/a><\/p>\n ","protected":false},"excerpt":{"rendered":"<p>El s\u00edndic d&#8217;Aran i el conseller de Governaci\u00f3 i diputat provincial s&#8217;han reunit amb el president de la Diputaci\u00f3 per a tancar la renovaci\u00f3 i ampliaci\u00f3 d&#8217;aquest conveni i establir altres col\u00b7laboracions en mat\u00e8ria de patrimoni i sanitat El s\u00edndic d&#8217;Aran, Franc\u00e9s Boya, i el conseller de Governaci\u00f3 del Conselh Generau d\u2019Aran i diputat provincial,&#8230;<\/p>\n","protected":false},"author":10,"featured_media":34322,"comment_status":"closed","ping_status":"closed","sticky":false,"template":"","format":"standard","meta":{"footnotes":""},"categories":[53],"tags":[],"_links":{"self":[{"href":"https:\/\/www.conselharan.org\/ca\/wp-json\/wp\/v2\/posts\/34329"}],"collection":[{"href":"https:\/\/www.conselharan.org\/ca\/wp-json\/wp\/v2\/posts"}],"about":[{"href":"https:\/\/www.conselharan.org\/ca\/wp-json\/wp\/v2\/types\/post"}],"author":[{"embeddable":true,"href":"https:\/\/www.conselharan.org\/ca\/wp-json\/wp\/v2\/users\/10"}],"replies":[{"embeddable":true,"href":"https:\/\/www.conselharan.org\/ca\/wp-json\/wp\/v2\/comments?post=34329"}],"version-history":[{"count":2,"href":"https:\/\/www.conselharan.org\/ca\/wp-json\/wp\/v2\/posts\/34329\/revisions"}],"predecessor-version":[{"id":42776,"href":"https:\/\/www.conselharan.org\/ca\/wp-json\/wp\/v2\/posts\/34329\/revisions\/42776"}],"wp:featuredmedia":[{"embeddable":true,"href":"https:\/\/www.conselharan.org\/ca\/wp-json\/wp\/v2\/media\/34322"}],"wp:attachment":[{"href":"https:\/\/www.conselharan.org\/ca\/wp-json\/wp\/v2\/media?parent=34329"}],"wp:term":[{"taxonomy":"category","embeddable":true,"href":"https:\/\/www.conselharan.org\/ca\/wp-json\/wp\/v2\/categories?post=34329"},{"taxonomy":"post_tag","embeddable":true,"href":"https:\/\/www.conselharan.org\/ca\/wp-json\/wp\/v2\/tags?post=34329"}],"curies":[{"name":"wp","href":"https:\/\/api.w.org\/{rel}","templated":true}]}}