{"id":34398,"date":"2020-06-10T15:59:03","date_gmt":"2020-06-10T13:59:03","guid":{"rendered":"https:\/\/www.conselharan.org\/un-nau-cas-de-covid-19-confirmat-en-aran-4\/"},"modified":"2020-06-10T16:02:49","modified_gmt":"2020-06-10T14:02:49","slug":"un-nau-cas-de-covid-19-confirmat-en-aran-4","status":"publish","type":"post","link":"https:\/\/www.conselharan.org\/ca\/un-nau-cas-de-covid-19-confirmat-en-aran-4\/","title":{"rendered":"Un nou cas de COVID-19 confirmat a l&#8217;Aran"},"content":{"rendered":"<p><a href=\"https:\/\/www.conselharan.org\/wp-content\/uploads\/2020\/05\/conselh.jpg\"><img loading=\"lazy\" decoding=\"async\" class=\"aligncenter wp-image-34136 size-full\" src=\"https:\/\/www.conselharan.org\/wp-content\/uploads\/2020\/05\/conselh.jpg\" alt=\"\" width=\"720\" height=\"720\" srcset=\"https:\/\/www.conselharan.org\/wp-content\/uploads\/2020\/05\/conselh.jpg 720w, https:\/\/www.conselharan.org\/wp-content\/uploads\/2020\/05\/conselh-300x300.jpg 300w, https:\/\/www.conselharan.org\/wp-content\/uploads\/2020\/05\/conselh-150x150.jpg 150w, https:\/\/www.conselharan.org\/wp-content\/uploads\/2020\/05\/conselh-270x270.jpg 270w, https:\/\/www.conselharan.org\/wp-content\/uploads\/2020\/05\/conselh-207x207.jpg 207w, https:\/\/www.conselharan.org\/wp-content\/uploads\/2020\/05\/conselh-75x75.jpg 75w\" sizes=\"(max-width: 720px) 100vw, 720px\" \/><\/a><\/p>\n<ul>\n<li>\n<h3><strong>Amb aquest s\u00f3n ja 131 els casos confirmats a la Val d\u2019Aran<\/strong><\/h3>\n<\/li>\n<\/ul>\n<p>El cas ha estat confirmat a trav\u00e9s de la prova PCR i la persona afectada es troba en a\u00efllament domiciliari.<\/p>\n<p>Actualment, el total de casos confirmats a la Val d\u2019Aran \u00e9s de 131: 96 detectats a trav\u00e9s de la prova PCR (identifica la infecci\u00f3) i 35 a trav\u00e9s de test serol\u00f2gics (identifiquen la immunitat).<\/p>\n ","protected":false},"excerpt":{"rendered":"<p>Amb aquest s\u00f3n ja 131 els casos confirmats a la Val d\u2019Aran El cas ha estat confirmat a trav\u00e9s de la prova PCR i la persona afectada es troba en a\u00efllament domiciliari. Actualment, el total de casos confirmats a la Val d\u2019Aran \u00e9s de 131: 96 detectats a trav\u00e9s de la prova PCR (identifica la&#8230;<\/p>\n","protected":false},"author":10,"featured_media":34137,"comment_status":"closed","ping_status":"closed","sticky":false,"template":"","format":"standard","meta":{"footnotes":""},"categories":[33,805],"tags":[],"_links":{"self":[{"href":"https:\/\/www.conselharan.org\/ca\/wp-json\/wp\/v2\/posts\/34398"}],"collection":[{"href":"https:\/\/www.conselharan.org\/ca\/wp-json\/wp\/v2\/posts"}],"about":[{"href":"https:\/\/www.conselharan.org\/ca\/wp-json\/wp\/v2\/types\/post"}],"author":[{"embeddable":true,"href":"https:\/\/www.conselharan.org\/ca\/wp-json\/wp\/v2\/users\/10"}],"replies":[{"embeddable":true,"href":"https:\/\/www.conselharan.org\/ca\/wp-json\/wp\/v2\/comments?post=34398"}],"version-history":[{"count":1,"href":"https:\/\/www.conselharan.org\/ca\/wp-json\/wp\/v2\/posts\/34398\/revisions"}],"predecessor-version":[{"id":34399,"href":"https:\/\/www.conselharan.org\/ca\/wp-json\/wp\/v2\/posts\/34398\/revisions\/34399"}],"wp:featuredmedia":[{"embeddable":true,"href":"https:\/\/www.conselharan.org\/ca\/wp-json\/wp\/v2\/media\/34137"}],"wp:attachment":[{"href":"https:\/\/www.conselharan.org\/ca\/wp-json\/wp\/v2\/media?parent=34398"}],"wp:term":[{"taxonomy":"category","embeddable":true,"href":"https:\/\/www.conselharan.org\/ca\/wp-json\/wp\/v2\/categories?post=34398"},{"taxonomy":"post_tag","embeddable":true,"href":"https:\/\/www.conselharan.org\/ca\/wp-json\/wp\/v2\/tags?post=34398"}],"curies":[{"name":"wp","href":"https:\/\/api.w.org\/{rel}","templated":true}]}}