{"id":34423,"date":"2020-06-12T15:08:56","date_gmt":"2020-06-12T13:08:56","guid":{"rendered":"https:\/\/www.conselharan.org\/es-proves-immunologiques-confirmen-enquiath-moment-set-naui-casi-positius-en-covid-19\/"},"modified":"2020-06-12T15:10:24","modified_gmt":"2020-06-12T13:10:24","slug":"es-proves-immunologiques-confirmen-enquiath-moment-set-naui-casi-positius-en-covid-19","status":"publish","type":"post","link":"https:\/\/www.conselharan.org\/ca\/es-proves-immunologiques-confirmen-enquiath-moment-set-naui-casi-positius-en-covid-19\/","title":{"rendered":"Les proves immunol\u00f2giques confirmen fins al moment set nous casos positius en COVID-19"},"content":{"rendered":"<p><a href=\"https:\/\/www.conselharan.org\/wp-content\/uploads\/2020\/05\/Espitau-scaled-1.jpg\"><img loading=\"lazy\" decoding=\"async\" class=\"aligncenter wp-image-34195 size-large\" src=\"https:\/\/www.conselharan.org\/wp-content\/uploads\/2020\/05\/Espitau-scaled-1-1024x768.jpg\" alt=\"\" width=\"1024\" height=\"768\" srcset=\"https:\/\/www.conselharan.org\/wp-content\/uploads\/2020\/05\/Espitau-scaled-1-1024x768.jpg 1024w, https:\/\/www.conselharan.org\/wp-content\/uploads\/2020\/05\/Espitau-scaled-1-300x225.jpg 300w, https:\/\/www.conselharan.org\/wp-content\/uploads\/2020\/05\/Espitau-scaled-1-768x576.jpg 768w, https:\/\/www.conselharan.org\/wp-content\/uploads\/2020\/05\/Espitau-scaled-1-1536x1152.jpg 1536w, https:\/\/www.conselharan.org\/wp-content\/uploads\/2020\/05\/Espitau-scaled-1-2048x1536.jpg 2048w\" sizes=\"(max-width: 1024px) 100vw, 1024px\" \/><\/a><\/p>\n<ul>\n<li>\n<h3><strong>Aquests positius corresponen a persones que es van infectar fa setmanes, que han creat anticossos i ja no poden transmetre la malaltia<\/strong><\/h3>\n<\/li>\n<\/ul>\n<p>A trav\u00e9s dels test r\u00e0pids serol\u00f2gics i de les anal\u00edtiques immunol\u00f2giques per t\u00e8cnica ELISA que es realitzen a l\u2019Espitau Val d&#8217;Aran, s&#8217;han confirmat fins al moment set nous casos positius en COVID-19.<\/p>\n<p>Dels set positius, tres corresponen a pacients que en el seu moment presentaven una cl\u00ednica compatible amb el COVID-19 per\u00f2 que, segons els protocols vigents llavors, no eren susceptibles de realitzar-los una prova PCR. Els quatre restants s&#8217;han detectat a trav\u00e9s dels test serol\u00f2gics r\u00e0pids que es duen a terme entre els professionals sanitaris i essencials.<\/p>\n<p>Durant aquestes setmanes es continuen realitzant aquestes proves i \u00e9s possible que el nombre de positius augmenti. No obstant aix\u00f2, \u00e9s necessari recordar que aquestes persones ja han superat la malaltia i, per tant, han creat anticossos i no hi ha risc que contagi\u00efn a uns altres.<\/p>\n ","protected":false},"excerpt":{"rendered":"<p>Aquests positius corresponen a persones que es van infectar fa setmanes, que han creat anticossos i ja no poden transmetre la malaltia A trav\u00e9s dels test r\u00e0pids serol\u00f2gics i de les anal\u00edtiques immunol\u00f2giques per t\u00e8cnica ELISA que es realitzen a l\u2019Espitau Val d&#8217;Aran, s&#8217;han confirmat fins al moment set nous casos positius en COVID-19. Dels&#8230;<\/p>\n","protected":false},"author":10,"featured_media":34196,"comment_status":"closed","ping_status":"closed","sticky":false,"template":"","format":"standard","meta":{"footnotes":""},"categories":[33,805],"tags":[],"_links":{"self":[{"href":"https:\/\/www.conselharan.org\/ca\/wp-json\/wp\/v2\/posts\/34423"}],"collection":[{"href":"https:\/\/www.conselharan.org\/ca\/wp-json\/wp\/v2\/posts"}],"about":[{"href":"https:\/\/www.conselharan.org\/ca\/wp-json\/wp\/v2\/types\/post"}],"author":[{"embeddable":true,"href":"https:\/\/www.conselharan.org\/ca\/wp-json\/wp\/v2\/users\/10"}],"replies":[{"embeddable":true,"href":"https:\/\/www.conselharan.org\/ca\/wp-json\/wp\/v2\/comments?post=34423"}],"version-history":[{"count":2,"href":"https:\/\/www.conselharan.org\/ca\/wp-json\/wp\/v2\/posts\/34423\/revisions"}],"predecessor-version":[{"id":34425,"href":"https:\/\/www.conselharan.org\/ca\/wp-json\/wp\/v2\/posts\/34423\/revisions\/34425"}],"wp:featuredmedia":[{"embeddable":true,"href":"https:\/\/www.conselharan.org\/ca\/wp-json\/wp\/v2\/media\/34196"}],"wp:attachment":[{"href":"https:\/\/www.conselharan.org\/ca\/wp-json\/wp\/v2\/media?parent=34423"}],"wp:term":[{"taxonomy":"category","embeddable":true,"href":"https:\/\/www.conselharan.org\/ca\/wp-json\/wp\/v2\/categories?post=34423"},{"taxonomy":"post_tag","embeddable":true,"href":"https:\/\/www.conselharan.org\/ca\/wp-json\/wp\/v2\/tags?post=34423"}],"curies":[{"name":"wp","href":"https:\/\/api.w.org\/{rel}","templated":true}]}}