{"id":34451,"date":"2020-06-14T19:36:03","date_gmt":"2020-06-14T17:36:03","guid":{"rendered":"https:\/\/www.conselharan.org\/eth-conseh-generau-daran-premanis-un-protocol-dactuacion-deuant-es-violencies-sexuaus-en-espacis-hestius\/"},"modified":"2020-06-14T19:38:20","modified_gmt":"2020-06-14T17:38:20","slug":"eth-conseh-generau-daran-premanis-un-protocol-dactuacion-deuant-es-violencies-sexuaus-en-espacis-hestius","status":"publish","type":"post","link":"https:\/\/www.conselharan.org\/ca\/eth-conseh-generau-daran-premanis-un-protocol-dactuacion-deuant-es-violencies-sexuaus-en-espacis-hestius\/","title":{"rendered":"El Conselh Generau d\u2019Aran prepara un Protocol d&#8217;actuaci\u00f3 davant les viol\u00e8ncies sexuals en espais festius"},"content":{"rendered":"<p><a href=\"https:\/\/www.conselharan.org\/wp-content\/uploads\/2020\/06\/Infografia-Comission.jpeg\"><img loading=\"lazy\" decoding=\"async\" class=\"aligncenter wp-image-34442 size-large\" src=\"https:\/\/www.conselharan.org\/wp-content\/uploads\/2020\/06\/Infografia-Comission-819x1024.jpeg\" alt=\"\" width=\"819\" height=\"1024\" srcset=\"https:\/\/www.conselharan.org\/wp-content\/uploads\/2020\/06\/Infografia-Comission-819x1024.jpeg 819w, https:\/\/www.conselharan.org\/wp-content\/uploads\/2020\/06\/Infografia-Comission-240x300.jpeg 240w, https:\/\/www.conselharan.org\/wp-content\/uploads\/2020\/06\/Infografia-Comission-768x960.jpeg 768w, https:\/\/www.conselharan.org\/wp-content\/uploads\/2020\/06\/Infografia-Comission-1229x1536.jpeg 1229w, https:\/\/www.conselharan.org\/wp-content\/uploads\/2020\/06\/Infografia-Comission.jpeg 1280w\" sizes=\"(max-width: 819px) 100vw, 819px\" \/><\/a><\/p>\n<ul>\n<li>\n<h3><strong>Totes les persones que vulguin participar en l&#8217;elaboraci\u00f3 d&#8217;aquest document podran formar part de la Comissi\u00f3 Participativa que es reunir\u00e0 virtualment dijous que ve<\/strong><\/h3>\n<\/li>\n<\/ul>\n<p>El Conselh Generau d\u2019Aran ha iniciat, amb la col\u00b7laboraci\u00f3 de l&#8217;Ag\u00e8ncia Catalana de Joventut i l&#8217;Observatori Noct\u00e1mbul@s, un proc\u00e9s per a elaborar un Pla d&#8217;Acci\u00f3 i un Protocol d&#8217;actuaci\u00f3 davant les viol\u00e8ncies sexuals en els espais festius de la Val d&#8217;Aran.<\/p>\n<p>L&#8217;objectiu d&#8217;aquest protocol \u00e9s aconseguir espais d&#8217;oci segur i lliures de viol\u00e8ncies masclistes, ja que en aquests contextos es produeix un percentatge elevat d&#8217;agressions sexuals a dones.<\/p>\n<p>El govern del Conselh Generau d\u2019Aran vol que l&#8217;elaboraci\u00f3 d&#8217;aquest document sigui el m\u00e9s oberta possible i, per aix\u00f2, totes les persones interessades que vulguin participar podran formar part de la Comissi\u00f3 Participativa, en la qual es treballaran i identificaran els aspectes a definir en el protocol<\/p>\n<p>Aquesta comissi\u00f3 definir\u00e0 les accions b\u00e0siques del Pla d&#8217;Acci\u00f3 i les seves propostes tindran una resposta del govern en l&#8217;\u00faltima fase de validaci\u00f3 del document final.<\/p>\n<p>Totes les persones i col\u00b7lectius interessats a formar part d&#8217;aquesta Comissi\u00f3 podran participar dijous que ve, 18 de juny a les 18.00 hores, via Google Meets, a la primera reuni\u00f3 que es dur\u00e0 a terme. Per a participar, nom\u00e9s \u00e9s necessari inscriure&#8217;s en el seg\u00fcent formulari: <a href=\"https:\/\/forms.gle\/MtH5KUowTV6u1yvb9\">https:\/\/forms.gle\/MtH5KUowTV6u1yvb9<\/a>.<\/p>\n ","protected":false},"excerpt":{"rendered":"<p>Totes les persones que vulguin participar en l&#8217;elaboraci\u00f3 d&#8217;aquest document podran formar part de la Comissi\u00f3 Participativa que es reunir\u00e0 virtualment dijous que ve El Conselh Generau d\u2019Aran ha iniciat, amb la col\u00b7laboraci\u00f3 de l&#8217;Ag\u00e8ncia Catalana de Joventut i l&#8217;Observatori Noct\u00e1mbul@s, un proc\u00e9s per a elaborar un Pla d&#8217;Acci\u00f3 i un Protocol d&#8217;actuaci\u00f3 davant les&#8230;<\/p>\n","protected":false},"author":10,"featured_media":34443,"comment_status":"closed","ping_status":"closed","sticky":false,"template":"","format":"standard","meta":{"footnotes":""},"categories":[33],"tags":[],"_links":{"self":[{"href":"https:\/\/www.conselharan.org\/ca\/wp-json\/wp\/v2\/posts\/34451"}],"collection":[{"href":"https:\/\/www.conselharan.org\/ca\/wp-json\/wp\/v2\/posts"}],"about":[{"href":"https:\/\/www.conselharan.org\/ca\/wp-json\/wp\/v2\/types\/post"}],"author":[{"embeddable":true,"href":"https:\/\/www.conselharan.org\/ca\/wp-json\/wp\/v2\/users\/10"}],"replies":[{"embeddable":true,"href":"https:\/\/www.conselharan.org\/ca\/wp-json\/wp\/v2\/comments?post=34451"}],"version-history":[{"count":1,"href":"https:\/\/www.conselharan.org\/ca\/wp-json\/wp\/v2\/posts\/34451\/revisions"}],"predecessor-version":[{"id":34452,"href":"https:\/\/www.conselharan.org\/ca\/wp-json\/wp\/v2\/posts\/34451\/revisions\/34452"}],"wp:featuredmedia":[{"embeddable":true,"href":"https:\/\/www.conselharan.org\/ca\/wp-json\/wp\/v2\/media\/34443"}],"wp:attachment":[{"href":"https:\/\/www.conselharan.org\/ca\/wp-json\/wp\/v2\/media?parent=34451"}],"wp:term":[{"taxonomy":"category","embeddable":true,"href":"https:\/\/www.conselharan.org\/ca\/wp-json\/wp\/v2\/categories?post=34451"},{"taxonomy":"post_tag","embeddable":true,"href":"https:\/\/www.conselharan.org\/ca\/wp-json\/wp\/v2\/tags?post=34451"}],"curies":[{"name":"wp","href":"https:\/\/api.w.org\/{rel}","templated":true}]}}