{"id":34700,"date":"2020-07-04T10:25:47","date_gmt":"2020-07-04T08:25:47","guid":{"rendered":"https:\/\/www.conselharan.org\/se-confirme-un-nau-cas-de-covid-19-en-aran-4\/"},"modified":"2020-07-04T10:28:29","modified_gmt":"2020-07-04T08:28:29","slug":"se-confirme-un-nau-cas-de-covid-19-en-aran-4","status":"publish","type":"post","link":"https:\/\/www.conselharan.org\/ca\/se-confirme-un-nau-cas-de-covid-19-en-aran-4\/","title":{"rendered":"Es confirma un nou cas de COVID-19 a l\u2019Aran"},"content":{"rendered":"<p><a href=\"https:\/\/www.conselharan.org\/wp-content\/uploads\/2020\/07\/conselh.jpg\"><img loading=\"lazy\" decoding=\"async\" class=\"aligncenter wp-image-34691 size-full\" src=\"https:\/\/www.conselharan.org\/wp-content\/uploads\/2020\/07\/conselh.jpg\" alt=\"\" width=\"720\" height=\"720\" srcset=\"https:\/\/www.conselharan.org\/wp-content\/uploads\/2020\/07\/conselh.jpg 720w, https:\/\/www.conselharan.org\/wp-content\/uploads\/2020\/07\/conselh-300x300.jpg 300w, https:\/\/www.conselharan.org\/wp-content\/uploads\/2020\/07\/conselh-150x150.jpg 150w, https:\/\/www.conselharan.org\/wp-content\/uploads\/2020\/07\/conselh-270x270.jpg 270w, https:\/\/www.conselharan.org\/wp-content\/uploads\/2020\/07\/conselh-207x207.jpg 207w, https:\/\/www.conselharan.org\/wp-content\/uploads\/2020\/07\/conselh-75x75.jpg 75w\" sizes=\"(max-width: 720px) 100vw, 720px\" \/><\/a><\/p>\n<ul>\n<li>\n<h3><strong>Aquest nou positiu, que ha estat confirmat a trav\u00e9s de la prova PCR, est\u00e0 vinculat amb el brot detectat a finals de juny i es troba en a\u00efllament domiciliari<\/strong><\/h3>\n<\/li>\n<li>\n<h3><strong>Aix\u00ed mateix, s&#8217;han confirmat a trav\u00e9s de les an\u00e0lisis immunol\u00f2giques tres casos positius que s&#8217;haurien contagiat fa temps, que han creat anticossos i ja no poden transmetre la malaltia<\/strong><\/h3>\n<\/li>\n<\/ul>\n<p>Actualment, el total de casos de COVID-19 confirmats en Aran \u00e9s de 183: 106 detectats a trav\u00e9s de la proves PCR (que identifiquen la infecci\u00f3) e 77 a trav\u00e9s de les proves immunol\u00f2giques (que identifiquen la immunitat).<\/p>\n<p>Des del govern del Conselh Generau d\u2019Aran es torna a insistir a demanar responsabilitat i prud\u00e8ncia i que s&#8217;apliquin les mesures de seguretat recomanades (dist\u00e0ncia, mascareta i higiene) per a evitar un nou rebrot.<\/p>\n ","protected":false},"excerpt":{"rendered":"<p>Aquest nou positiu, que ha estat confirmat a trav\u00e9s de la prova PCR, est\u00e0 vinculat amb el brot detectat a finals de juny i es troba en a\u00efllament domiciliari Aix\u00ed mateix, s&#8217;han confirmat a trav\u00e9s de les an\u00e0lisis immunol\u00f2giques tres casos positius que s&#8217;haurien contagiat fa temps, que han creat anticossos i ja no poden&#8230;<\/p>\n","protected":false},"author":10,"featured_media":34692,"comment_status":"closed","ping_status":"closed","sticky":false,"template":"","format":"standard","meta":{"footnotes":""},"categories":[33],"tags":[],"_links":{"self":[{"href":"https:\/\/www.conselharan.org\/ca\/wp-json\/wp\/v2\/posts\/34700"}],"collection":[{"href":"https:\/\/www.conselharan.org\/ca\/wp-json\/wp\/v2\/posts"}],"about":[{"href":"https:\/\/www.conselharan.org\/ca\/wp-json\/wp\/v2\/types\/post"}],"author":[{"embeddable":true,"href":"https:\/\/www.conselharan.org\/ca\/wp-json\/wp\/v2\/users\/10"}],"replies":[{"embeddable":true,"href":"https:\/\/www.conselharan.org\/ca\/wp-json\/wp\/v2\/comments?post=34700"}],"version-history":[{"count":1,"href":"https:\/\/www.conselharan.org\/ca\/wp-json\/wp\/v2\/posts\/34700\/revisions"}],"predecessor-version":[{"id":34701,"href":"https:\/\/www.conselharan.org\/ca\/wp-json\/wp\/v2\/posts\/34700\/revisions\/34701"}],"wp:featuredmedia":[{"embeddable":true,"href":"https:\/\/www.conselharan.org\/ca\/wp-json\/wp\/v2\/media\/34692"}],"wp:attachment":[{"href":"https:\/\/www.conselharan.org\/ca\/wp-json\/wp\/v2\/media?parent=34700"}],"wp:term":[{"taxonomy":"category","embeddable":true,"href":"https:\/\/www.conselharan.org\/ca\/wp-json\/wp\/v2\/categories?post=34700"},{"taxonomy":"post_tag","embeddable":true,"href":"https:\/\/www.conselharan.org\/ca\/wp-json\/wp\/v2\/tags?post=34700"}],"curies":[{"name":"wp","href":"https:\/\/api.w.org\/{rel}","templated":true}]}}