{"id":34720,"date":"2020-07-06T14:50:50","date_gmt":"2020-07-06T12:50:50","guid":{"rendered":"https:\/\/www.conselharan.org\/?p=34720"},"modified":"2020-07-06T14:50:50","modified_gmt":"2020-07-06T12:50:50","slug":"el-govern-del-conselh-generau-daran-contracta-enguany-un-50-mes-de-personal-temporal-per-a-lestiu","status":"publish","type":"post","link":"https:\/\/www.conselharan.org\/ca\/el-govern-del-conselh-generau-daran-contracta-enguany-un-50-mes-de-personal-temporal-per-a-lestiu\/","title":{"rendered":"El govern del Conselh Generau d\u2019Aran contracta enguany un 50% m\u00e9s de personal temporal per a l&#8217;estiu"},"content":{"rendered":"<p><a href=\"https:\/\/www.conselharan.org\/wp-content\/uploads\/2020\/07\/Contractacions-Conselh.jpeg\"><img loading=\"lazy\" decoding=\"async\" class=\"aligncenter wp-image-34712 size-full\" src=\"https:\/\/www.conselharan.org\/wp-content\/uploads\/2020\/07\/Contractacions-Conselh.jpeg\" alt=\"\" width=\"1024\" height=\"768\" srcset=\"https:\/\/www.conselharan.org\/wp-content\/uploads\/2020\/07\/Contractacions-Conselh.jpeg 1024w, https:\/\/www.conselharan.org\/wp-content\/uploads\/2020\/07\/Contractacions-Conselh-300x225.jpeg 300w, https:\/\/www.conselharan.org\/wp-content\/uploads\/2020\/07\/Contractacions-Conselh-768x576.jpeg 768w\" sizes=\"(max-width: 1024px) 100vw, 1024px\" \/><\/a><\/p>\n<ul>\n<li>\n<h3><strong>Amb l&#8217;objectiu de dinamitzar i potenciar l&#8217;activitat econ\u00f2mica del territori, condicionada per la crisi provocada pel COVID-19, el govern del Conselh Generau d\u2019Aran ha augmentat enguany la dotaci\u00f3 de personal temporal per a l&#8217;estiu<\/strong><\/h3>\n<\/li>\n<li>\n<h3><strong>El s\u00edndic d&#8217;Aran insisteix en la import\u00e0ncia que t\u00e9 per al govern aran\u00e8s treballar en la dinamitzaci\u00f3 econ\u00f2mica i el suport a les persones en situaci\u00f3 de desocupaci\u00f3 de la Val d&#8217;Aran, que en aquest cas en concret treballaran en la rehabilitaci\u00f3 de diversos refugis del territorio<\/strong><\/h3>\n<\/li>\n<\/ul>\n<p>Avui s&#8217;han incorporat a la brigada de serveis del Conselh Generau d\u2019Aran 11 peons i 4 oficials de primera, 15 persones contractades temporalment pel govern aran\u00e8s per a la temporada d&#8217;estiu que, davant les 10 persones contractades el 2019, augmenten un 50% aquest tipus de contractacions.<\/p>\n<p>\u201c<strong>A causa de la crisi sanit\u00e0ria, econ\u00f2mica i social provocada pel COVID-19, ara m\u00e9s que mai \u00e9s important per al govern d&#8217;Aran treballar en la dinamitzaci\u00f3 econ\u00f2mica i el suport a les persones en situaci\u00f3 de desocupaci\u00f3 en el nostre territori<\/strong>\u201d, afirma el s\u00edndic d&#8217;Aran, Franc\u00e9s Boya, que afegeix que \u201c<strong>a m\u00e9s, amb aquestes contractacions ampliem el servei de la nostra brigada, i les persones contractades duran a terme un treball molt necessari rehabilitant els nostres refugis de muntanya, que s\u00f3n tamb\u00e9 un atractiu tur\u00edstic<\/strong>\u201d.<\/p>\n<p>M\u00e9s concretament, es duran a terme treballs en l&#8217;exterior i interior dels refugis de la Bassa d\u2019Oles, Plan Batalh\u00e8r i Saut deth Pish. Es renovar\u00e0 l&#8217;interior arreglant els problemes d&#8217;humitats, els banys, la connexi\u00f3 d&#8217;aigua i l&#8217;enllumenat, es repararan els sostres i es pintaran tant les fa\u00e7anes com l&#8217;interior d&#8217;aquests refugis.<\/p>\n ","protected":false},"excerpt":{"rendered":"<p>Amb l&#8217;objectiu de dinamitzar i potenciar l&#8217;activitat econ\u00f2mica del territori, condicionada per la crisi provocada pel COVID-19, el govern del Conselh Generau d\u2019Aran ha augmentat enguany la dotaci\u00f3 de personal temporal per a l&#8217;estiu El s\u00edndic d&#8217;Aran insisteix en la import\u00e0ncia que t\u00e9 per al govern aran\u00e8s treballar en la dinamitzaci\u00f3 econ\u00f2mica i el suport&#8230;<\/p>\n","protected":false},"author":10,"featured_media":34713,"comment_status":"closed","ping_status":"closed","sticky":false,"template":"","format":"standard","meta":{"footnotes":""},"categories":[53],"tags":[],"_links":{"self":[{"href":"https:\/\/www.conselharan.org\/ca\/wp-json\/wp\/v2\/posts\/34720"}],"collection":[{"href":"https:\/\/www.conselharan.org\/ca\/wp-json\/wp\/v2\/posts"}],"about":[{"href":"https:\/\/www.conselharan.org\/ca\/wp-json\/wp\/v2\/types\/post"}],"author":[{"embeddable":true,"href":"https:\/\/www.conselharan.org\/ca\/wp-json\/wp\/v2\/users\/10"}],"replies":[{"embeddable":true,"href":"https:\/\/www.conselharan.org\/ca\/wp-json\/wp\/v2\/comments?post=34720"}],"version-history":[{"count":1,"href":"https:\/\/www.conselharan.org\/ca\/wp-json\/wp\/v2\/posts\/34720\/revisions"}],"predecessor-version":[{"id":34721,"href":"https:\/\/www.conselharan.org\/ca\/wp-json\/wp\/v2\/posts\/34720\/revisions\/34721"}],"wp:featuredmedia":[{"embeddable":true,"href":"https:\/\/www.conselharan.org\/ca\/wp-json\/wp\/v2\/media\/34713"}],"wp:attachment":[{"href":"https:\/\/www.conselharan.org\/ca\/wp-json\/wp\/v2\/media?parent=34720"}],"wp:term":[{"taxonomy":"category","embeddable":true,"href":"https:\/\/www.conselharan.org\/ca\/wp-json\/wp\/v2\/categories?post=34720"},{"taxonomy":"post_tag","embeddable":true,"href":"https:\/\/www.conselharan.org\/ca\/wp-json\/wp\/v2\/tags?post=34720"}],"curies":[{"name":"wp","href":"https:\/\/api.w.org\/{rel}","templated":true}]}}