{"id":34734,"date":"2020-07-07T13:29:49","date_gmt":"2020-07-07T11:29:49","guid":{"rendered":"https:\/\/www.conselharan.org\/eth-sindic-daran-samasse-damb-era-ministra-de-transicion-ecologica-e-repte-demografic-e-eth-secretari-generau-dera-omt\/"},"modified":"2020-08-13T10:25:28","modified_gmt":"2020-08-13T08:25:28","slug":"eth-sindic-daran-samasse-damb-era-ministra-de-transicion-ecologica-e-repte-demografic-e-eth-secretari-generau-dera-omt","status":"publish","type":"post","link":"https:\/\/www.conselharan.org\/ca\/eth-sindic-daran-samasse-damb-era-ministra-de-transicion-ecologica-e-repte-demografic-e-eth-secretari-generau-dera-omt\/","title":{"rendered":"El s\u00edndic d&#8217;Aran es reuneix a la Ministra de Transici\u00f3 Ecol\u00f2gica i Repte Demogr\u00e0fic i el secretari general de la OMT"},"content":{"rendered":"<p><a href=\"https:\/\/www.conselharan.org\/wp-content\/uploads\/2020\/07\/Amassada-6-7.jpeg\"><img loading=\"lazy\" decoding=\"async\" class=\"aligncenter wp-image-34726 size-full\" src=\"https:\/\/www.conselharan.org\/wp-content\/uploads\/2020\/07\/Amassada-6-7.jpeg\" alt=\"\" width=\"1024\" height=\"683\" srcset=\"https:\/\/www.conselharan.org\/wp-content\/uploads\/2020\/07\/Amassada-6-7.jpeg 1024w, https:\/\/www.conselharan.org\/wp-content\/uploads\/2020\/07\/Amassada-6-7-300x200.jpeg 300w, https:\/\/www.conselharan.org\/wp-content\/uploads\/2020\/07\/Amassada-6-7-768x512.jpeg 768w\" sizes=\"(max-width: 1024px) 100vw, 1024px\" \/><\/a><\/p>\n<ul>\n<li>\n<h3><strong>En aquesta reuni\u00f3, que va tenir lloc ahir a Madrid, es va abordar la dinamitzaci\u00f3 del turisme rural com a activitat clau en l&#8217;economia dels territoris de muntanya i el s\u00edndic d&#8217;Aran va presentar una proposta pionera per a impulsar la innovaci\u00f3 a la Val d&#8217;Aran<\/strong><\/h3>\n<\/li>\n<\/ul>\n<p>El s\u00edndic d&#8217;Aran, Franc\u00e9s Boya, es va reunir ahir a Madrid amb la vicepresidenta quarta i ministra per a la Transici\u00f3 Ecol\u00f2gica i el Repte Demogr\u00e0fic, Teresa Ribera, i el secretari general de l&#8217;Organitzaci\u00f3 Mundial del Turisme (OMT), Zurab Pololikashvili, per a parlar sobre el desenvolupament del turisme rural i de quina manera pot ajudar a frenar la despoblaci\u00f3 i generar din\u00e0miques en les zones de muntanya.<\/p>\n<p>En aquesta reuni\u00f3, que es va centrar en la dinamitzaci\u00f3 del turisme rural com a activitat clau en l&#8217;economia dels territoris de muntanya, el s\u00edndic d&#8217;Aran va presentar una proposta pionera per a impulsar la innovaci\u00f3 tur\u00edstica a la Val d&#8217;Aran que permetria al territori incorporar a l\u2019OMT com partner del projecte.<\/p>\n<p>\u201cLa Val d&#8217;Aran vol ser un referent en l&#8217;\u00e0mbit de la innovaci\u00f3 de les zones de muntanya i especialment en el sector del turisme, on ja t\u00e9 una acreditada experi\u00e8ncia\u201d, afirmava Boya.<\/p>\n ","protected":false},"excerpt":{"rendered":"<p>En aquesta reuni\u00f3, que va tenir lloc ahir a Madrid, es va abordar la dinamitzaci\u00f3 del turisme rural com a activitat clau en l&#8217;economia dels territoris de muntanya i el s\u00edndic d&#8217;Aran va presentar una proposta pionera per a impulsar la innovaci\u00f3 a la Val d&#8217;Aran El s\u00edndic d&#8217;Aran, Franc\u00e9s Boya, es va reunir ahir&#8230;<\/p>\n","protected":false},"author":10,"featured_media":34727,"comment_status":"closed","ping_status":"closed","sticky":false,"template":"","format":"standard","meta":{"footnotes":""},"categories":[53,127,139],"tags":[],"_links":{"self":[{"href":"https:\/\/www.conselharan.org\/ca\/wp-json\/wp\/v2\/posts\/34734"}],"collection":[{"href":"https:\/\/www.conselharan.org\/ca\/wp-json\/wp\/v2\/posts"}],"about":[{"href":"https:\/\/www.conselharan.org\/ca\/wp-json\/wp\/v2\/types\/post"}],"author":[{"embeddable":true,"href":"https:\/\/www.conselharan.org\/ca\/wp-json\/wp\/v2\/users\/10"}],"replies":[{"embeddable":true,"href":"https:\/\/www.conselharan.org\/ca\/wp-json\/wp\/v2\/comments?post=34734"}],"version-history":[{"count":2,"href":"https:\/\/www.conselharan.org\/ca\/wp-json\/wp\/v2\/posts\/34734\/revisions"}],"predecessor-version":[{"id":35550,"href":"https:\/\/www.conselharan.org\/ca\/wp-json\/wp\/v2\/posts\/34734\/revisions\/35550"}],"wp:featuredmedia":[{"embeddable":true,"href":"https:\/\/www.conselharan.org\/ca\/wp-json\/wp\/v2\/media\/34727"}],"wp:attachment":[{"href":"https:\/\/www.conselharan.org\/ca\/wp-json\/wp\/v2\/media?parent=34734"}],"wp:term":[{"taxonomy":"category","embeddable":true,"href":"https:\/\/www.conselharan.org\/ca\/wp-json\/wp\/v2\/categories?post=34734"},{"taxonomy":"post_tag","embeddable":true,"href":"https:\/\/www.conselharan.org\/ca\/wp-json\/wp\/v2\/tags?post=34734"}],"curies":[{"name":"wp","href":"https:\/\/api.w.org\/{rel}","templated":true}]}}